{"id":3475,"date":"2025-09-18T20:04:42","date_gmt":"2025-09-18T20:04:42","guid":{"rendered":"https:\/\/signexpo.hu\/?p=3475"},"modified":"2025-09-18T20:04:42","modified_gmt":"2025-09-18T20:04:42","slug":"kreativ-jubileum","status":"publish","type":"post","link":"https:\/\/signexpo.hu\/en\/kreativ-jubileum\/","title":{"rendered":"KREAT\u00cdV JUBILEUM \u2013 IV. Kirakatbaba \u00d6lt\u00f6ztet\u0151 Verseny 2025."},"content":{"rendered":"<p><strong>A kreat\u00edv szakm\u00e1t tanult, vagy tanul\u00f3, esetleg oktat\u00f3 szakembereknek, kirakatrendez\u0151knek, dekorat\u0151r\u00f6knek, diz\u00e1jnereknek, divattervez\u0151knek, formatervez\u0151knek imm\u00e1r negyedik alkalommal hirdet kirakatbaba-\u00f6lt\u00f6ztet\u0151 versenyt a <a href=\"http:\/\/www.dekorszovetseg.hu\/\">Dekorsz\u00f6vets\u00e9g<\/a>.<\/strong><\/p>\n<p>A\u00a0<strong>IV. Kirakatbaba \u00d6lt\u00f6ztet\u0151 Versenyr<\/strong><strong>e<\/strong>\u00a0k\u00e9sz\u00edtett alkot\u00e1sok a\u00a0<a href=\"https:\/\/signexpo.hu\/en\/\">SignExpo<\/a>\u00a0\u00e9s\u00a0<a href=\"http:\/\/www.ppdexpo.hu\/\">PPDExpo<\/a>\u00a0szakki\u00e1ll\u00edt\u00e1sokon lesznek ki\u00e1ll\u00edtva budapesti BOK Csarnokban okt\u00f3ber 7-8-9-\u00e9n.<\/p>\n<p>Az els\u0151 kirakatbaba \u00f6lt\u00f6ztet\u0151 verseny 2011-ben rendezte meg a Dekorsz\u00f6vets\u00e9g a\u00a0<em>Promotion<\/em>\u00a0ki\u00e1ll\u00edt\u00e1son.<\/p>\n<p>A kreat\u00edv versenyz\u0151k ebben az \u00e9vben is a ki\u00e1ll\u00edt\u00f3 c\u00e9gek alapanyagaib\u00f3l \u00e9s az ki\u00e1ll\u00edt\u00e1s \u00e9p\u00edt\u00e9si hullad\u00e9kaib\u00f3l, k\u00f6zt\u00fck nyomtathat\u00f3 ponyv\u00e1b\u00f3l, l\u00e9gp\u00e1rn\u00e1s f\u00f3li\u00e1b\u00f3l, csomagol\u00f3anyagokb\u00f3l, dobozokb\u00f3l, hungarocellb\u0151l \u00f6lt\u00f6ztetik fel a kirakatbab\u00e1kat, kreat\u00edv, l\u00e1tv\u00e1nyos megold\u00e1sokkal. C\u00e9l, hogy a versenyz\u0151k a funkci\u00f3jukat vesztett alapanyagokat \u00fajra gondolva haszn\u00e1lj\u00e1k fel.<\/p>\n<p>Az idei verseny alc\u00edme: Kreat\u00edv Jubileum, utal a verseny t\u00e9m\u00e1j\u00e1ra, ami ez\u00fattal az\u00a0<strong>\u00e9vfordul\u00f3k \u00e9s jubileumok<\/strong>, mert az idei \u00e9v t\u00f6bb kiemelked\u0151 a dekorat\u0151r szakm\u00e1t \u00e9rint\u0151 jubileum \u00e9ve: 10. alkalommal ker\u00fcl megrendez\u00e9sre a SignExpo rekl\u00e1mdekor\u00e1ci\u00f3s szakki\u00e1ll\u00edt\u00e1s, 25 \u00e9ves a Sign &amp; Display magazin 20 \u00e9ves a Dekorsz\u00f6vets\u00e9g, 30 \u00e9ves a Dekorat\u0151r Szakma J\u00f6v\u0151j\u00e9\u00e9rt Alap\u00edtv\u00e1ny, valamint 70 \u00e9ves az iskolarendszer\u0171 dekorat\u0151rk\u00e9pz\u00e9s Magyarorsz\u00e1gon.<\/p>\n<p><strong>Akik sz\u00edvesen venn\u00e9nek r\u00e9szt ezen az izgalmas esem\u00e9nyen, \u00e9s kreat\u00edv k\u00e9pess\u00e9giket szeretn\u00e9k bemutatni,\u00a0<\/strong><strong>2025. szeptember 30-ig<\/strong>\u00a0<strong>lehet jelentkezni a versenyre<\/strong>\u00a0e-mailben a\u00a0<a href=\"mailto:dekorkiallitas@gmail.com\">dekorkiallitas@gmail.com<\/a>\u00a0c\u00edmen.<\/p>\n<p>A kirakatbaba \u00f6lt\u00f6ztet\u0151 versenyre k\u00e9sz\u00fclt alkot\u00e1sokat okt\u00f3ber 6-\u00e1n 18:00 \u00f3r\u00e1ig kell elk\u00e9sz\u00edteni\u00fck a versenyz\u0151knek, a d\u00edj\u00e1tad\u00f3t pedig okt\u00f3ber 9-\u00e9n tartj\u00e1k a SignExp\u00f3n 14:00.<\/p>\n<p>A verseny f\u0151 t\u00e1mogat\u00f3ja a Sign&amp;Display magazin.<\/p>\n<p><strong>A r\u00e9szletes p\u00e1ly\u00e1zati felh\u00edv\u00e1st\u00a0<a href=\"https:\/\/www.signanddisplay.hu\/palyazati-felhivas\/\">ITT<\/a>\u00a0olvashatj\u00e1k.<\/strong><\/p>","protected":false},"excerpt":{"rendered":"<p>A kreat\u00edv szakm\u00e1t tanult, vagy tanul\u00f3, esetleg oktat\u00f3 szakembereknek, kirakatrendez\u0151knek, dekorat\u0151r\u00f6knek, diz\u00e1jnereknek, divattervez\u0151knek, formatervez\u0151knek imm\u00e1r negyedik alkalommal hirdet kirakatbaba-\u00f6lt\u00f6ztet\u0151 versenyt a Dekorsz\u00f6vets\u00e9g. A\u00a0IV. Kirakatbaba \u00d6lt\u00f6ztet\u0151 Versenyre\u00a0k\u00e9sz\u00edtett alkot\u00e1sok a\u00a0SignExpo\u00a0\u00e9s\u00a0PPDExpo\u00a0szakki\u00e1ll\u00edt\u00e1sokon lesznek ki\u00e1ll\u00edtva budapesti BOK Csarnokban okt\u00f3ber 7-8-9-\u00e9n. Az els\u0151 kirakatbaba \u00f6lt\u00f6ztet\u0151 verseny 2011-ben rendezte meg a Dekorsz\u00f6vets\u00e9g a\u00a0Promotion\u00a0ki\u00e1ll\u00edt\u00e1son. A kreat\u00edv versenyz\u0151k ebben az \u00e9vben is a ki\u00e1ll\u00edt\u00f3  [&#8230;]<\/p>\n","protected":false},"author":3,"featured_media":3476,"comment_status":"closed","ping_status":"open","sticky":false,"template":"","format":"standard","meta":{"footnotes":""},"categories":[1],"tags":[],"class_list":["post-3475","post","type-post","status-publish","format-standard","has-post-thumbnail","hentry","category-egyeb"],"yoast_head":"<!-- This site is optimized with the Yoast SEO plugin v27.5 - https:\/\/yoast.com\/product\/yoast-seo-wordpress\/ -->\n<title>KREAT\u00cdV JUBILEUM \u2013 IV. Kirakatbaba \u00d6lt\u00f6ztet\u0151 Verseny 2025. - SignExpo<\/title>\n<meta name=\"robots\" content=\"index, follow, max-snippet:-1, max-image-preview:large, max-video-preview:-1\" \/>\n<link rel=\"canonical\" href=\"https:\/\/signexpo.hu\/en\/kreativ-jubileum\/\" \/>\n<meta property=\"og:locale\" content=\"en_US\" \/>\n<meta property=\"og:type\" content=\"article\" \/>\n<meta property=\"og:title\" content=\"KREAT\u00cdV JUBILEUM \u2013 IV. Kirakatbaba \u00d6lt\u00f6ztet\u0151 Verseny 2025. - SignExpo\" \/>\n<meta property=\"og:description\" content=\"A kreat\u00edv szakm\u00e1t tanult, vagy tanul\u00f3, esetleg oktat\u00f3 szakembereknek, kirakatrendez\u0151knek, dekorat\u0151r\u00f6knek, diz\u00e1jnereknek, divattervez\u0151knek, formatervez\u0151knek imm\u00e1r negyedik alkalommal hirdet kirakatbaba-\u00f6lt\u00f6ztet\u0151 versenyt a Dekorsz\u00f6vets\u00e9g. A\u00a0IV. Kirakatbaba \u00d6lt\u00f6ztet\u0151 Versenyre\u00a0k\u00e9sz\u00edtett alkot\u00e1sok a\u00a0SignExpo\u00a0\u00e9s\u00a0PPDExpo\u00a0szakki\u00e1ll\u00edt\u00e1sokon lesznek ki\u00e1ll\u00edtva budapesti BOK Csarnokban okt\u00f3ber 7-8-9-\u00e9n. Az els\u0151 kirakatbaba \u00f6lt\u00f6ztet\u0151 verseny 2011-ben rendezte meg a Dekorsz\u00f6vets\u00e9g a\u00a0Promotion\u00a0ki\u00e1ll\u00edt\u00e1son. A kreat\u00edv versenyz\u0151k ebben az \u00e9vben is a ki\u00e1ll\u00edt\u00f3 [...]\" \/>\n<meta property=\"og:url\" content=\"https:\/\/signexpo.hu\/en\/kreativ-jubileum\/\" \/>\n<meta property=\"og:site_name\" content=\"SignExpo\" \/>\n<meta property=\"article:published_time\" content=\"2025-09-18T20:04:42+00:00\" \/>\n<meta property=\"og:image\" content=\"http:\/\/signexpo.hu\/wp-content\/uploads\/2025\/09\/KREATIV-JUBILEUM-\u2013-IV.-Kirakatbaba-Oltozteto-Verseny-2025.jpg\" \/>\n\t<meta property=\"og:image:width\" content=\"869\" \/>\n\t<meta property=\"og:image:height\" content=\"643\" \/>\n\t<meta property=\"og:image:type\" content=\"image\/jpeg\" \/>\n<meta name=\"author\" content=\"Anita V\u00e1radi\" \/>\n<meta name=\"twitter:card\" content=\"summary_large_image\" \/>\n<meta name=\"twitter:label1\" content=\"Written by\" \/>\n\t<meta name=\"twitter:data1\" content=\"Anita V\u00e1radi\" \/>\n\t<meta name=\"twitter:label2\" content=\"Est. reading time\" \/>\n\t<meta name=\"twitter:data2\" content=\"2 minutes\" \/>\n<script type=\"application\/ld+json\" class=\"yoast-schema-graph\">{\"@context\":\"https:\\\/\\\/schema.org\",\"@graph\":[{\"@type\":\"Article\",\"@id\":\"https:\\\/\\\/signexpo.hu\\\/kreativ-jubileum\\\/#article\",\"isPartOf\":{\"@id\":\"https:\\\/\\\/signexpo.hu\\\/kreativ-jubileum\\\/\"},\"author\":{\"name\":\"Anita V\u00e1radi\",\"@id\":\"https:\\\/\\\/signexpo.hu\\\/#\\\/schema\\\/person\\\/900b855e1533d75e1162c097ae907f4e\"},\"headline\":\"KREAT\u00cdV JUBILEUM \u2013 IV. Kirakatbaba \u00d6lt\u00f6ztet\u0151 Verseny 2025.\",\"datePublished\":\"2025-09-18T20:04:42+00:00\",\"mainEntityOfPage\":{\"@id\":\"https:\\\/\\\/signexpo.hu\\\/kreativ-jubileum\\\/\"},\"wordCount\":358,\"image\":{\"@id\":\"https:\\\/\\\/signexpo.hu\\\/kreativ-jubileum\\\/#primaryimage\"},\"thumbnailUrl\":\"https:\\\/\\\/signexpo.hu\\\/wp-content\\\/uploads\\\/2025\\\/09\\\/KREATIV-JUBILEUM-\u2013-IV.-Kirakatbaba-Oltozteto-Verseny-2025.jpg\",\"articleSection\":[\"Egy\u00e9b kateg\u00f3ria\"],\"inLanguage\":\"en-US\"},{\"@type\":\"WebPage\",\"@id\":\"https:\\\/\\\/signexpo.hu\\\/kreativ-jubileum\\\/\",\"url\":\"https:\\\/\\\/signexpo.hu\\\/kreativ-jubileum\\\/\",\"name\":\"KREAT\u00cdV JUBILEUM \u2013 IV. Kirakatbaba \u00d6lt\u00f6ztet\u0151 Verseny 2025. - SignExpo\",\"isPartOf\":{\"@id\":\"https:\\\/\\\/signexpo.hu\\\/#website\"},\"primaryImageOfPage\":{\"@id\":\"https:\\\/\\\/signexpo.hu\\\/kreativ-jubileum\\\/#primaryimage\"},\"image\":{\"@id\":\"https:\\\/\\\/signexpo.hu\\\/kreativ-jubileum\\\/#primaryimage\"},\"thumbnailUrl\":\"https:\\\/\\\/signexpo.hu\\\/wp-content\\\/uploads\\\/2025\\\/09\\\/KREATIV-JUBILEUM-\u2013-IV.-Kirakatbaba-Oltozteto-Verseny-2025.jpg\",\"datePublished\":\"2025-09-18T20:04:42+00:00\",\"author\":{\"@id\":\"https:\\\/\\\/signexpo.hu\\\/#\\\/schema\\\/person\\\/900b855e1533d75e1162c097ae907f4e\"},\"breadcrumb\":{\"@id\":\"https:\\\/\\\/signexpo.hu\\\/kreativ-jubileum\\\/#breadcrumb\"},\"inLanguage\":\"en-US\",\"potentialAction\":[{\"@type\":\"ReadAction\",\"target\":[\"https:\\\/\\\/signexpo.hu\\\/kreativ-jubileum\\\/\"]}]},{\"@type\":\"ImageObject\",\"inLanguage\":\"en-US\",\"@id\":\"https:\\\/\\\/signexpo.hu\\\/kreativ-jubileum\\\/#primaryimage\",\"url\":\"https:\\\/\\\/signexpo.hu\\\/wp-content\\\/uploads\\\/2025\\\/09\\\/KREATIV-JUBILEUM-\u2013-IV.-Kirakatbaba-Oltozteto-Verseny-2025.jpg\",\"contentUrl\":\"https:\\\/\\\/signexpo.hu\\\/wp-content\\\/uploads\\\/2025\\\/09\\\/KREATIV-JUBILEUM-\u2013-IV.-Kirakatbaba-Oltozteto-Verseny-2025.jpg\",\"width\":869,\"height\":643},{\"@type\":\"BreadcrumbList\",\"@id\":\"https:\\\/\\\/signexpo.hu\\\/kreativ-jubileum\\\/#breadcrumb\",\"itemListElement\":[{\"@type\":\"ListItem\",\"position\":1,\"name\":\"Home\",\"item\":\"https:\\\/\\\/signexpo.hu\\\/\"},{\"@type\":\"ListItem\",\"position\":2,\"name\":\"KREAT\u00cdV JUBILEUM \u2013 IV. Kirakatbaba \u00d6lt\u00f6ztet\u0151 Verseny 2025.\"}]},{\"@type\":\"WebSite\",\"@id\":\"https:\\\/\\\/signexpo.hu\\\/#website\",\"url\":\"https:\\\/\\\/signexpo.hu\\\/\",\"name\":\"SignExpo\",\"description\":\"Rekl\u00e1mdekor\u00e1ci\u00f3s Szakki\u00e1ll\u00edt\u00e1s\",\"potentialAction\":[{\"@type\":\"SearchAction\",\"target\":{\"@type\":\"EntryPoint\",\"urlTemplate\":\"https:\\\/\\\/signexpo.hu\\\/?s={search_term_string}\"},\"query-input\":{\"@type\":\"PropertyValueSpecification\",\"valueRequired\":true,\"valueName\":\"search_term_string\"}}],\"inLanguage\":\"en-US\"},{\"@type\":\"Person\",\"@id\":\"https:\\\/\\\/signexpo.hu\\\/#\\\/schema\\\/person\\\/900b855e1533d75e1162c097ae907f4e\",\"name\":\"Anita V\u00e1radi\",\"image\":{\"@type\":\"ImageObject\",\"inLanguage\":\"en-US\",\"@id\":\"https:\\\/\\\/secure.gravatar.com\\\/avatar\\\/b6dff53039af0e271c2ce1eae467f9624adeca48b4ea2b41a18de41d8c3231c8?s=96&d=mm&r=g\",\"url\":\"https:\\\/\\\/secure.gravatar.com\\\/avatar\\\/b6dff53039af0e271c2ce1eae467f9624adeca48b4ea2b41a18de41d8c3231c8?s=96&d=mm&r=g\",\"contentUrl\":\"https:\\\/\\\/secure.gravatar.com\\\/avatar\\\/b6dff53039af0e271c2ce1eae467f9624adeca48b4ea2b41a18de41d8c3231c8?s=96&d=mm&r=g\",\"caption\":\"Anita V\u00e1radi\"},\"url\":\"https:\\\/\\\/signexpo.hu\\\/en\\\/szerzo\\\/signexpo\\\/\"}]}<\/script>\n<!-- \/ Yoast SEO plugin. -->","yoast_head_json":{"title":"KREAT\u00cdV JUBILEUM \u2013 IV. Kirakatbaba \u00d6lt\u00f6ztet\u0151 Verseny 2025. - SignExpo","robots":{"index":"index","follow":"follow","max-snippet":"max-snippet:-1","max-image-preview":"max-image-preview:large","max-video-preview":"max-video-preview:-1"},"canonical":"https:\/\/signexpo.hu\/en\/kreativ-jubileum\/","og_locale":"en_US","og_type":"article","og_title":"KREAT\u00cdV JUBILEUM \u2013 IV. Kirakatbaba \u00d6lt\u00f6ztet\u0151 Verseny 2025. - SignExpo","og_description":"A kreat\u00edv szakm\u00e1t tanult, vagy tanul\u00f3, esetleg oktat\u00f3 szakembereknek, kirakatrendez\u0151knek, dekorat\u0151r\u00f6knek, diz\u00e1jnereknek, divattervez\u0151knek, formatervez\u0151knek imm\u00e1r negyedik alkalommal hirdet kirakatbaba-\u00f6lt\u00f6ztet\u0151 versenyt a Dekorsz\u00f6vets\u00e9g. A\u00a0IV. Kirakatbaba \u00d6lt\u00f6ztet\u0151 Versenyre\u00a0k\u00e9sz\u00edtett alkot\u00e1sok a\u00a0SignExpo\u00a0\u00e9s\u00a0PPDExpo\u00a0szakki\u00e1ll\u00edt\u00e1sokon lesznek ki\u00e1ll\u00edtva budapesti BOK Csarnokban okt\u00f3ber 7-8-9-\u00e9n. Az els\u0151 kirakatbaba \u00f6lt\u00f6ztet\u0151 verseny 2011-ben rendezte meg a Dekorsz\u00f6vets\u00e9g a\u00a0Promotion\u00a0ki\u00e1ll\u00edt\u00e1son. A kreat\u00edv versenyz\u0151k ebben az \u00e9vben is a ki\u00e1ll\u00edt\u00f3 [...]","og_url":"https:\/\/signexpo.hu\/en\/kreativ-jubileum\/","og_site_name":"SignExpo","article_published_time":"2025-09-18T20:04:42+00:00","og_image":[{"width":869,"height":643,"url":"http:\/\/signexpo.hu\/wp-content\/uploads\/2025\/09\/KREATIV-JUBILEUM-\u2013-IV.-Kirakatbaba-Oltozteto-Verseny-2025.jpg","type":"image\/jpeg"}],"author":"Anita V\u00e1radi","twitter_card":"summary_large_image","twitter_misc":{"Written by":"Anita V\u00e1radi","Est. reading time":"2 minutes"},"schema":{"@context":"https:\/\/schema.org","@graph":[{"@type":"Article","@id":"https:\/\/signexpo.hu\/kreativ-jubileum\/#article","isPartOf":{"@id":"https:\/\/signexpo.hu\/kreativ-jubileum\/"},"author":{"name":"Anita V\u00e1radi","@id":"https:\/\/signexpo.hu\/#\/schema\/person\/900b855e1533d75e1162c097ae907f4e"},"headline":"KREAT\u00cdV JUBILEUM \u2013 IV. Kirakatbaba \u00d6lt\u00f6ztet\u0151 Verseny 2025.","datePublished":"2025-09-18T20:04:42+00:00","mainEntityOfPage":{"@id":"https:\/\/signexpo.hu\/kreativ-jubileum\/"},"wordCount":358,"image":{"@id":"https:\/\/signexpo.hu\/kreativ-jubileum\/#primaryimage"},"thumbnailUrl":"https:\/\/signexpo.hu\/wp-content\/uploads\/2025\/09\/KREATIV-JUBILEUM-\u2013-IV.-Kirakatbaba-Oltozteto-Verseny-2025.jpg","articleSection":["Egy\u00e9b kateg\u00f3ria"],"inLanguage":"en-US"},{"@type":"WebPage","@id":"https:\/\/signexpo.hu\/kreativ-jubileum\/","url":"https:\/\/signexpo.hu\/kreativ-jubileum\/","name":"KREAT\u00cdV JUBILEUM \u2013 IV. Kirakatbaba \u00d6lt\u00f6ztet\u0151 Verseny 2025. - SignExpo","isPartOf":{"@id":"https:\/\/signexpo.hu\/#website"},"primaryImageOfPage":{"@id":"https:\/\/signexpo.hu\/kreativ-jubileum\/#primaryimage"},"image":{"@id":"https:\/\/signexpo.hu\/kreativ-jubileum\/#primaryimage"},"thumbnailUrl":"https:\/\/signexpo.hu\/wp-content\/uploads\/2025\/09\/KREATIV-JUBILEUM-\u2013-IV.-Kirakatbaba-Oltozteto-Verseny-2025.jpg","datePublished":"2025-09-18T20:04:42+00:00","author":{"@id":"https:\/\/signexpo.hu\/#\/schema\/person\/900b855e1533d75e1162c097ae907f4e"},"breadcrumb":{"@id":"https:\/\/signexpo.hu\/kreativ-jubileum\/#breadcrumb"},"inLanguage":"en-US","potentialAction":[{"@type":"ReadAction","target":["https:\/\/signexpo.hu\/kreativ-jubileum\/"]}]},{"@type":"ImageObject","inLanguage":"en-US","@id":"https:\/\/signexpo.hu\/kreativ-jubileum\/#primaryimage","url":"https:\/\/signexpo.hu\/wp-content\/uploads\/2025\/09\/KREATIV-JUBILEUM-\u2013-IV.-Kirakatbaba-Oltozteto-Verseny-2025.jpg","contentUrl":"https:\/\/signexpo.hu\/wp-content\/uploads\/2025\/09\/KREATIV-JUBILEUM-\u2013-IV.-Kirakatbaba-Oltozteto-Verseny-2025.jpg","width":869,"height":643},{"@type":"BreadcrumbList","@id":"https:\/\/signexpo.hu\/kreativ-jubileum\/#breadcrumb","itemListElement":[{"@type":"ListItem","position":1,"name":"Home","item":"https:\/\/signexpo.hu\/"},{"@type":"ListItem","position":2,"name":"KREAT\u00cdV JUBILEUM \u2013 IV. Kirakatbaba \u00d6lt\u00f6ztet\u0151 Verseny 2025."}]},{"@type":"WebSite","@id":"https:\/\/signexpo.hu\/#website","url":"https:\/\/signexpo.hu\/","name":"SignExpo","description":"Advertising decoration\nexhibition","potentialAction":[{"@type":"SearchAction","target":{"@type":"EntryPoint","urlTemplate":"https:\/\/signexpo.hu\/?s={search_term_string}"},"query-input":{"@type":"PropertyValueSpecification","valueRequired":true,"valueName":"search_term_string"}}],"inLanguage":"en-US"},{"@type":"Person","@id":"https:\/\/signexpo.hu\/#\/schema\/person\/900b855e1533d75e1162c097ae907f4e","name":"Anita V\u00e1radi","image":{"@type":"ImageObject","inLanguage":"en-US","@id":"https:\/\/secure.gravatar.com\/avatar\/b6dff53039af0e271c2ce1eae467f9624adeca48b4ea2b41a18de41d8c3231c8?s=96&d=mm&r=g","url":"https:\/\/secure.gravatar.com\/avatar\/b6dff53039af0e271c2ce1eae467f9624adeca48b4ea2b41a18de41d8c3231c8?s=96&d=mm&r=g","contentUrl":"https:\/\/secure.gravatar.com\/avatar\/b6dff53039af0e271c2ce1eae467f9624adeca48b4ea2b41a18de41d8c3231c8?s=96&d=mm&r=g","caption":"Anita V\u00e1radi"},"url":"https:\/\/signexpo.hu\/en\/szerzo\/signexpo\/"}]}},"_links":{"self":[{"href":"https:\/\/signexpo.hu\/en\/wp-json\/wp\/v2\/posts\/3475","targetHints":{"allow":["GET"]}}],"collection":[{"href":"https:\/\/signexpo.hu\/en\/wp-json\/wp\/v2\/posts"}],"about":[{"href":"https:\/\/signexpo.hu\/en\/wp-json\/wp\/v2\/types\/post"}],"author":[{"embeddable":true,"href":"https:\/\/signexpo.hu\/en\/wp-json\/wp\/v2\/users\/3"}],"replies":[{"embeddable":true,"href":"https:\/\/signexpo.hu\/en\/wp-json\/wp\/v2\/comments?post=3475"}],"version-history":[{"count":1,"href":"https:\/\/signexpo.hu\/en\/wp-json\/wp\/v2\/posts\/3475\/revisions"}],"predecessor-version":[{"id":3477,"href":"https:\/\/signexpo.hu\/en\/wp-json\/wp\/v2\/posts\/3475\/revisions\/3477"}],"wp:featuredmedia":[{"embeddable":true,"href":"https:\/\/signexpo.hu\/en\/wp-json\/wp\/v2\/media\/3476"}],"wp:attachment":[{"href":"https:\/\/signexpo.hu\/en\/wp-json\/wp\/v2\/media?parent=3475"}],"wp:term":[{"taxonomy":"category","embeddable":true,"href":"https:\/\/signexpo.hu\/en\/wp-json\/wp\/v2\/categories?post=3475"},{"taxonomy":"post_tag","embeddable":true,"href":"https:\/\/signexpo.hu\/en\/wp-json\/wp\/v2\/tags?post=3475"}],"curies":[{"name":"wp","href":"https:\/\/api.w.org\/{rel}","templated":true}]}}