{"id":3295,"date":"2025-05-18T12:31:05","date_gmt":"2025-05-18T12:31:05","guid":{"rendered":"https:\/\/signexpo.hu\/?p=3295"},"modified":"2025-06-11T12:31:50","modified_gmt":"2025-06-11T12:31:50","slug":"meglepetes-az-mna-group-ujdonsagokkal-keszul-az-idei-signexpora","status":"publish","type":"post","link":"https:\/\/signexpo.hu\/en\/meglepetes-az-mna-group-ujdonsagokkal-keszul-az-idei-signexpora\/","title":{"rendered":"Meglepet\u00e9s: az MNA Group \u00fajdons\u00e1gokkal k\u00e9sz\u00fcl az idei Signexp\u00f3ra"},"content":{"rendered":"<p><strong>Az MNA Group Kft. neve ismer\u0151sen csenghet a\u00a0<a href=\"https:\/\/signexpo.hu\/en\/\">SignExpo<\/a>\u2013<a href=\"https:\/\/www.ppdexpo.hu\/\">PPD Expo<\/a>\u00a0l\u00e1togat\u00f3i sz\u00e1m\u00e1ra, hiszen m\u00e1r t\u00f6bbsz\u00f6r szerepeltek ki\u00e1ll\u00edt\u00f3k\u00e9nt. Az idei rendezv\u00e9nyen arra k\u00e9sz\u00fclnek, hogy \u00faj arcukat mutass\u00e1k meg. Err\u0151l mes\u00e9l Varga N\u00f3ra \u00e9s Vass M\u00e1t\u00e9, a k\u00e9t tulajdonos-\u00fcgyvezet\u0151.<\/strong><\/p>\n<p>Az MNA Group Kft. j\u00f6v\u0151re lesz 20 \u00e9ves. Fennmarad\u00e1suk \u00e9s fejl\u0151d\u00e9s\u00fck siker\u00e9nek titka t\u00f6bbek k\u00f6z\u00f6tt az, hogy akt\u00edv r\u00e9szvev\u0151i a nemzetk\u00f6zi piacnak \u00e9s proakt\u00edvan gondolkodva l\u00e9pnek, ha ezt sz\u00fcks\u00e9gesnek l\u00e1tj\u00e1k.<\/p>\n<p>N\u00e9h\u00e1ny \u00e9ve hoztunk egy strat\u00e9giai d\u00f6nt\u00e9st: 2024-t\u0151l a Fujifilm strat\u00e9giai partnerek\u00e9nt vagyunk jelen a magyarorsz\u00e1gi sz\u00ednt\u00e9ren \u2013 mondja Vass M\u00e1t\u00e9. \u2013 \u00c1ltal\u00e1ban, ha valaki meghallja a Fuji m\u00e1rkanevet, els\u0151re a f\u00e9nyk\u00e9pez\u0151g\u00e9p jut esz\u00e9be, pedig egy rendk\u00edv\u00fcl sz\u00e9les spektrumot lefed\u0151 gy\u00e1rt\u00f3r\u00f3l van sz\u00f3: az orvostechnikai eszk\u00f6z\u00f6kt\u0151l kezdve a vegyipari alapanyagokon \u00e9s adatt\u00e1rol\u00f3 kazett\u00e1kon \u00e1t a nagy nyomdaipari g\u00e9pekig sok mindennel foglalkozik. L\u00e1tva a Fujifilm glob\u00e1lis n\u00f6veked\u00e9s\u00e9t, eur\u00f3pai t\u00e9rnyer\u00e9s\u00e9t, \u00fagy d\u00f6nt\u00f6tt\u00fcnk, hogy v\u00e1ltunk. A Fujifilm nyomdaipari megold\u00e1sait szeretn\u00e9nk bemutatni \u00e9s megismertetni a magyar piacon. A Fujifilm digit\u00e1lis nyomdai \u00fczlet\u00e1ga 2020-ban kezdett intenz\u00edvebben terjeszkedni Eur\u00f3p\u00e1ban \u00e9s 2024-ben \u00e9rkeztek meg rajtunk kereszt\u00fcl Magyarorsz\u00e1gra a digit\u00e1lis nyomdaipari g\u00e9peikkel (POD \u2013 Print On Demand).<\/p>\n<p>Fenn\u00e1ll\u00e1sunk \u00f3ta a legnagyobb standot k\u00e9sz\u00fcl\u00fcnk fel\u00e9p\u00edteni az exp\u00f3ra, ami annak is k\u00f6sz\u00f6nhet\u0151, hogy a Fujifilm komoly er\u0151fesz\u00edt\u00e9st tesz annak \u00e9rdek\u00e9ben, hogy a m\u00e1rk\u00e1t min\u00e9l t\u00f6bben megismerj\u00e9k Magyarorsz\u00e1gon \u2013 veszi \u00e1t a sz\u00f3t Varga N\u00f3ra. \u2013 Nem v\u00e9letlen\u00fcl tett\u00fck le a voksunkat a Fujifilm mellett, mert a g\u00e9pek min\u0151s\u00e9ge \u00e9s megb\u00edzhat\u00f3s\u00e1ga \u2013 tapasztalataink alapj\u00e1n \u2013 rendk\u00edv\u00fcl kiemelked\u0151. Eddigi \u00fcgyf\u00e9l-visszajelz\u00e9seink \u00e1tlagon fel\u00fcliek \u00e9s mindemellett nagyra \u00e9rt\u00e9kelik a Fujifilm folyamatosan meg\u00fajul\u00f3 term\u00e9k-portf\u00f3li\u00f3j\u00e1t. Ennek az innov\u00e1ci\u00f3s t\u00f6rekv\u00e9snek a leg\u00fajabb m\u00e9rf\u00f6ldk\u00f6vei azok az \u00f6tsz\u00ednes nyomdag\u00e9pek, amik a napokban \u00e9rkeztek bemutat\u00f3term\u00fcnkbe.<\/p>\n<p>\u0150k lesznek a f\u0151szerepl\u0151i a Signexponak is: Fujifilm Revoria SC285S \u00e9s EC2100S a k\u00e9t eml\u00edtett g\u00e9p t\u00edpusa.<\/p>\n<p>Az MNA Group Kft. \u00fcgyfelei sz\u00e1m\u00e1ra fontos a szem\u00e9lyes kapcsolat a besz\u00e1ll\u00edt\u00f3val, \u00e9s az is, hogy b\u00e1rmilyen k\u00e9rd\u00e9s vagy probl\u00e9ma eset\u00e9n a lehet\u0151 leghamarabb kapjanak szem\u00e9lyre szabott t\u00e1mogat\u00e1st. Abban hisz\u00fcnk, hogy a szerviz min\u0151s\u00e9ge az, ami egy hossz\u00fa t\u00e1v\u00fa kapcsolatot befoly\u00e1sol. Jelent\u0151s saj\u00e1t rakt\u00e1rk\u00e9szlettel rendelkez\u00fcnk, \u00edgy akkor is tudunk kell\u00e9kanyagot vagy alkatr\u00e9szt biztos\u00edtani, ha b\u00e1rmilyen okb\u00f3l akadozna a k\u00fclf\u00f6ldi besz\u00e1ll\u00edt\u00e1s \u2013 ami nem szokatlan jelens\u00e9g a Covid \u00f3ta. Tudjuk, hogy a nyomd\u00e1k komoly k\u00f6tb\u00e9rrel dolgoznak, nem cs\u00faszhatnak el a megrendel\u00e9seikkel csak az\u00e9rt, mert a g\u00e9p alkatr\u00e9szcser\u00e9re szorul. Ezenk\u00edv\u00fcl kiemelked\u0151 k\u00edn\u00e1lat\u00fa bemutat\u00f3teremmel rendelkez\u00fcnk, \u00e9s a g\u00e9pek egyr\u00e9szt nagy baj eset\u00e9n munk\u00e1ra foghat\u00f3k, m\u00e1sr\u00e9szt csereg\u00e9pk\u00e9nt is haszn\u00e1lhat\u00f3k. A partnereink, ha egyszer \u00edgy kih\u00faztuk \u0151ket a bajb\u00f3l, nem felejtik el, \u00e9s loj\u00e1lisak hozz\u00e1nk.<\/p>\n<p>A bemutat\u00f3term\u00fcnkben szem\u00e9lyre szabott dem\u00f3kat tartunk, ez a sales folyamatunk szerves r\u00e9sze \u2013 \u00e1rulja el Vass M\u00e1t\u00e9. \u2013 Alapvet\u0151nek gondoljuk, hogy az \u00fcgyf\u00e9l pontosan tudja, mit vesz \u00e9s milyen szempontok alapj\u00e1n; \u00e9s k\u00f6zben mi is jobban megismerj\u00fck, \u00edgy szem\u00e9lyre szabottan tudjuk aj\u00e1nlani a sz\u00e1m\u00e1ra legink\u00e1bb megfelel\u0151 megold\u00e1st. A Fujifilm g\u00e9peit is b\u00e1rki szem\u00e9lyesen kipr\u00f3b\u00e1lhatja n\u00e1lunk, mert bemutat\u00f3term\u00fcnkben mindig el\u00e9rhet\u0151ek az \u00fajdons\u00e1gok is.<\/p>\n<p><em>Sign&amp;Display magazin<\/em><\/p>","protected":false},"excerpt":{"rendered":"<p>Az MNA Group Kft. neve ismer\u0151sen csenghet a\u00a0SignExpo\u2013PPD Expo\u00a0l\u00e1togat\u00f3i sz\u00e1m\u00e1ra, hiszen m\u00e1r t\u00f6bbsz\u00f6r szerepeltek ki\u00e1ll\u00edt\u00f3k\u00e9nt. Az idei rendezv\u00e9nyen arra k\u00e9sz\u00fclnek, hogy \u00faj arcukat mutass\u00e1k meg. Err\u0151l mes\u00e9l Varga N\u00f3ra \u00e9s Vass M\u00e1t\u00e9, a k\u00e9t tulajdonos-\u00fcgyvezet\u0151. Az MNA Group Kft. j\u00f6v\u0151re lesz 20 \u00e9ves. Fennmarad\u00e1suk \u00e9s fejl\u0151d\u00e9s\u00fck siker\u00e9nek titka t\u00f6bbek k\u00f6z\u00f6tt az, hogy akt\u00edv r\u00e9szvev\u0151i a  [&#8230;]<\/p>\n","protected":false},"author":3,"featured_media":3296,"comment_status":"closed","ping_status":"open","sticky":false,"template":"","format":"standard","meta":{"footnotes":""},"categories":[1],"tags":[],"class_list":["post-3295","post","type-post","status-publish","format-standard","has-post-thumbnail","hentry","category-egyeb"],"yoast_head":"<!-- This site is optimized with the Yoast SEO plugin v27.5 - https:\/\/yoast.com\/product\/yoast-seo-wordpress\/ -->\n<title>Meglepet\u00e9s: az MNA Group \u00fajdons\u00e1gokkal k\u00e9sz\u00fcl az idei Signexp\u00f3ra - SignExpo<\/title>\n<meta name=\"robots\" content=\"index, follow, max-snippet:-1, max-image-preview:large, max-video-preview:-1\" \/>\n<link rel=\"canonical\" href=\"https:\/\/signexpo.hu\/en\/meglepetes-az-mna-group-ujdonsagokkal-keszul-az-idei-signexpora\/\" \/>\n<meta property=\"og:locale\" content=\"en_US\" \/>\n<meta property=\"og:type\" content=\"article\" \/>\n<meta property=\"og:title\" content=\"Meglepet\u00e9s: az MNA Group \u00fajdons\u00e1gokkal k\u00e9sz\u00fcl az idei Signexp\u00f3ra - SignExpo\" \/>\n<meta property=\"og:description\" content=\"Az MNA Group Kft. neve ismer\u0151sen csenghet a\u00a0SignExpo\u2013PPD Expo\u00a0l\u00e1togat\u00f3i sz\u00e1m\u00e1ra, hiszen m\u00e1r t\u00f6bbsz\u00f6r szerepeltek ki\u00e1ll\u00edt\u00f3k\u00e9nt. Az idei rendezv\u00e9nyen arra k\u00e9sz\u00fclnek, hogy \u00faj arcukat mutass\u00e1k meg. Err\u0151l mes\u00e9l Varga N\u00f3ra \u00e9s Vass M\u00e1t\u00e9, a k\u00e9t tulajdonos-\u00fcgyvezet\u0151. Az MNA Group Kft. j\u00f6v\u0151re lesz 20 \u00e9ves. Fennmarad\u00e1suk \u00e9s fejl\u0151d\u00e9s\u00fck siker\u00e9nek titka t\u00f6bbek k\u00f6z\u00f6tt az, hogy akt\u00edv r\u00e9szvev\u0151i a [...]\" \/>\n<meta property=\"og:url\" content=\"https:\/\/signexpo.hu\/en\/meglepetes-az-mna-group-ujdonsagokkal-keszul-az-idei-signexpora\/\" \/>\n<meta property=\"og:site_name\" content=\"SignExpo\" \/>\n<meta property=\"article:published_time\" content=\"2025-05-18T12:31:05+00:00\" \/>\n<meta property=\"article:modified_time\" content=\"2025-06-11T12:31:50+00:00\" \/>\n<meta property=\"og:image\" content=\"http:\/\/signexpo.hu\/wp-content\/uploads\/2025\/06\/MNA.jpg\" \/>\n\t<meta property=\"og:image:width\" content=\"441\" \/>\n\t<meta property=\"og:image:height\" content=\"310\" \/>\n\t<meta property=\"og:image:type\" content=\"image\/jpeg\" \/>\n<meta name=\"author\" content=\"Anita V\u00e1radi\" \/>\n<meta name=\"twitter:card\" content=\"summary_large_image\" \/>\n<meta name=\"twitter:label1\" content=\"Written by\" \/>\n\t<meta name=\"twitter:data1\" content=\"Anita V\u00e1radi\" \/>\n\t<meta name=\"twitter:label2\" content=\"Est. reading time\" \/>\n\t<meta name=\"twitter:data2\" content=\"3 minutes\" \/>\n<script type=\"application\/ld+json\" class=\"yoast-schema-graph\">{\"@context\":\"https:\\\/\\\/schema.org\",\"@graph\":[{\"@type\":\"Article\",\"@id\":\"https:\\\/\\\/signexpo.hu\\\/meglepetes-az-mna-group-ujdonsagokkal-keszul-az-idei-signexpora\\\/#article\",\"isPartOf\":{\"@id\":\"https:\\\/\\\/signexpo.hu\\\/meglepetes-az-mna-group-ujdonsagokkal-keszul-az-idei-signexpora\\\/\"},\"author\":{\"name\":\"Anita V\u00e1radi\",\"@id\":\"https:\\\/\\\/signexpo.hu\\\/#\\\/schema\\\/person\\\/900b855e1533d75e1162c097ae907f4e\"},\"headline\":\"Meglepet\u00e9s: az MNA Group \u00fajdons\u00e1gokkal k\u00e9sz\u00fcl az idei Signexp\u00f3ra\",\"datePublished\":\"2025-05-18T12:31:05+00:00\",\"dateModified\":\"2025-06-11T12:31:50+00:00\",\"mainEntityOfPage\":{\"@id\":\"https:\\\/\\\/signexpo.hu\\\/meglepetes-az-mna-group-ujdonsagokkal-keszul-az-idei-signexpora\\\/\"},\"wordCount\":722,\"image\":{\"@id\":\"https:\\\/\\\/signexpo.hu\\\/meglepetes-az-mna-group-ujdonsagokkal-keszul-az-idei-signexpora\\\/#primaryimage\"},\"thumbnailUrl\":\"https:\\\/\\\/signexpo.hu\\\/wp-content\\\/uploads\\\/2025\\\/06\\\/MNA.jpg\",\"articleSection\":[\"Egy\u00e9b kateg\u00f3ria\"],\"inLanguage\":\"en-US\"},{\"@type\":\"WebPage\",\"@id\":\"https:\\\/\\\/signexpo.hu\\\/meglepetes-az-mna-group-ujdonsagokkal-keszul-az-idei-signexpora\\\/\",\"url\":\"https:\\\/\\\/signexpo.hu\\\/meglepetes-az-mna-group-ujdonsagokkal-keszul-az-idei-signexpora\\\/\",\"name\":\"Meglepet\u00e9s: az MNA Group \u00fajdons\u00e1gokkal k\u00e9sz\u00fcl az idei Signexp\u00f3ra - SignExpo\",\"isPartOf\":{\"@id\":\"https:\\\/\\\/signexpo.hu\\\/#website\"},\"primaryImageOfPage\":{\"@id\":\"https:\\\/\\\/signexpo.hu\\\/meglepetes-az-mna-group-ujdonsagokkal-keszul-az-idei-signexpora\\\/#primaryimage\"},\"image\":{\"@id\":\"https:\\\/\\\/signexpo.hu\\\/meglepetes-az-mna-group-ujdonsagokkal-keszul-az-idei-signexpora\\\/#primaryimage\"},\"thumbnailUrl\":\"https:\\\/\\\/signexpo.hu\\\/wp-content\\\/uploads\\\/2025\\\/06\\\/MNA.jpg\",\"datePublished\":\"2025-05-18T12:31:05+00:00\",\"dateModified\":\"2025-06-11T12:31:50+00:00\",\"author\":{\"@id\":\"https:\\\/\\\/signexpo.hu\\\/#\\\/schema\\\/person\\\/900b855e1533d75e1162c097ae907f4e\"},\"breadcrumb\":{\"@id\":\"https:\\\/\\\/signexpo.hu\\\/meglepetes-az-mna-group-ujdonsagokkal-keszul-az-idei-signexpora\\\/#breadcrumb\"},\"inLanguage\":\"en-US\",\"potentialAction\":[{\"@type\":\"ReadAction\",\"target\":[\"https:\\\/\\\/signexpo.hu\\\/meglepetes-az-mna-group-ujdonsagokkal-keszul-az-idei-signexpora\\\/\"]}]},{\"@type\":\"ImageObject\",\"inLanguage\":\"en-US\",\"@id\":\"https:\\\/\\\/signexpo.hu\\\/meglepetes-az-mna-group-ujdonsagokkal-keszul-az-idei-signexpora\\\/#primaryimage\",\"url\":\"https:\\\/\\\/signexpo.hu\\\/wp-content\\\/uploads\\\/2025\\\/06\\\/MNA.jpg\",\"contentUrl\":\"https:\\\/\\\/signexpo.hu\\\/wp-content\\\/uploads\\\/2025\\\/06\\\/MNA.jpg\",\"width\":441,\"height\":310},{\"@type\":\"BreadcrumbList\",\"@id\":\"https:\\\/\\\/signexpo.hu\\\/meglepetes-az-mna-group-ujdonsagokkal-keszul-az-idei-signexpora\\\/#breadcrumb\",\"itemListElement\":[{\"@type\":\"ListItem\",\"position\":1,\"name\":\"Home\",\"item\":\"https:\\\/\\\/signexpo.hu\\\/\"},{\"@type\":\"ListItem\",\"position\":2,\"name\":\"Meglepet\u00e9s: az MNA Group \u00fajdons\u00e1gokkal k\u00e9sz\u00fcl az idei Signexp\u00f3ra\"}]},{\"@type\":\"WebSite\",\"@id\":\"https:\\\/\\\/signexpo.hu\\\/#website\",\"url\":\"https:\\\/\\\/signexpo.hu\\\/\",\"name\":\"SignExpo\",\"description\":\"Rekl\u00e1mdekor\u00e1ci\u00f3s Szakki\u00e1ll\u00edt\u00e1s\",\"potentialAction\":[{\"@type\":\"SearchAction\",\"target\":{\"@type\":\"EntryPoint\",\"urlTemplate\":\"https:\\\/\\\/signexpo.hu\\\/?s={search_term_string}\"},\"query-input\":{\"@type\":\"PropertyValueSpecification\",\"valueRequired\":true,\"valueName\":\"search_term_string\"}}],\"inLanguage\":\"en-US\"},{\"@type\":\"Person\",\"@id\":\"https:\\\/\\\/signexpo.hu\\\/#\\\/schema\\\/person\\\/900b855e1533d75e1162c097ae907f4e\",\"name\":\"Anita V\u00e1radi\",\"image\":{\"@type\":\"ImageObject\",\"inLanguage\":\"en-US\",\"@id\":\"https:\\\/\\\/secure.gravatar.com\\\/avatar\\\/b6dff53039af0e271c2ce1eae467f9624adeca48b4ea2b41a18de41d8c3231c8?s=96&d=mm&r=g\",\"url\":\"https:\\\/\\\/secure.gravatar.com\\\/avatar\\\/b6dff53039af0e271c2ce1eae467f9624adeca48b4ea2b41a18de41d8c3231c8?s=96&d=mm&r=g\",\"contentUrl\":\"https:\\\/\\\/secure.gravatar.com\\\/avatar\\\/b6dff53039af0e271c2ce1eae467f9624adeca48b4ea2b41a18de41d8c3231c8?s=96&d=mm&r=g\",\"caption\":\"Anita V\u00e1radi\"},\"url\":\"https:\\\/\\\/signexpo.hu\\\/en\\\/szerzo\\\/signexpo\\\/\"}]}<\/script>\n<!-- \/ Yoast SEO plugin. -->","yoast_head_json":{"title":"Meglepet\u00e9s: az MNA Group \u00fajdons\u00e1gokkal k\u00e9sz\u00fcl az idei Signexp\u00f3ra - SignExpo","robots":{"index":"index","follow":"follow","max-snippet":"max-snippet:-1","max-image-preview":"max-image-preview:large","max-video-preview":"max-video-preview:-1"},"canonical":"https:\/\/signexpo.hu\/en\/meglepetes-az-mna-group-ujdonsagokkal-keszul-az-idei-signexpora\/","og_locale":"en_US","og_type":"article","og_title":"Meglepet\u00e9s: az MNA Group \u00fajdons\u00e1gokkal k\u00e9sz\u00fcl az idei Signexp\u00f3ra - SignExpo","og_description":"Az MNA Group Kft. neve ismer\u0151sen csenghet a\u00a0SignExpo\u2013PPD Expo\u00a0l\u00e1togat\u00f3i sz\u00e1m\u00e1ra, hiszen m\u00e1r t\u00f6bbsz\u00f6r szerepeltek ki\u00e1ll\u00edt\u00f3k\u00e9nt. Az idei rendezv\u00e9nyen arra k\u00e9sz\u00fclnek, hogy \u00faj arcukat mutass\u00e1k meg. Err\u0151l mes\u00e9l Varga N\u00f3ra \u00e9s Vass M\u00e1t\u00e9, a k\u00e9t tulajdonos-\u00fcgyvezet\u0151. Az MNA Group Kft. j\u00f6v\u0151re lesz 20 \u00e9ves. Fennmarad\u00e1suk \u00e9s fejl\u0151d\u00e9s\u00fck siker\u00e9nek titka t\u00f6bbek k\u00f6z\u00f6tt az, hogy akt\u00edv r\u00e9szvev\u0151i a [...]","og_url":"https:\/\/signexpo.hu\/en\/meglepetes-az-mna-group-ujdonsagokkal-keszul-az-idei-signexpora\/","og_site_name":"SignExpo","article_published_time":"2025-05-18T12:31:05+00:00","article_modified_time":"2025-06-11T12:31:50+00:00","og_image":[{"width":441,"height":310,"url":"http:\/\/signexpo.hu\/wp-content\/uploads\/2025\/06\/MNA.jpg","type":"image\/jpeg"}],"author":"Anita V\u00e1radi","twitter_card":"summary_large_image","twitter_misc":{"Written by":"Anita V\u00e1radi","Est. reading time":"3 minutes"},"schema":{"@context":"https:\/\/schema.org","@graph":[{"@type":"Article","@id":"https:\/\/signexpo.hu\/meglepetes-az-mna-group-ujdonsagokkal-keszul-az-idei-signexpora\/#article","isPartOf":{"@id":"https:\/\/signexpo.hu\/meglepetes-az-mna-group-ujdonsagokkal-keszul-az-idei-signexpora\/"},"author":{"name":"Anita V\u00e1radi","@id":"https:\/\/signexpo.hu\/#\/schema\/person\/900b855e1533d75e1162c097ae907f4e"},"headline":"Meglepet\u00e9s: az MNA Group \u00fajdons\u00e1gokkal k\u00e9sz\u00fcl az idei Signexp\u00f3ra","datePublished":"2025-05-18T12:31:05+00:00","dateModified":"2025-06-11T12:31:50+00:00","mainEntityOfPage":{"@id":"https:\/\/signexpo.hu\/meglepetes-az-mna-group-ujdonsagokkal-keszul-az-idei-signexpora\/"},"wordCount":722,"image":{"@id":"https:\/\/signexpo.hu\/meglepetes-az-mna-group-ujdonsagokkal-keszul-az-idei-signexpora\/#primaryimage"},"thumbnailUrl":"https:\/\/signexpo.hu\/wp-content\/uploads\/2025\/06\/MNA.jpg","articleSection":["Egy\u00e9b kateg\u00f3ria"],"inLanguage":"en-US"},{"@type":"WebPage","@id":"https:\/\/signexpo.hu\/meglepetes-az-mna-group-ujdonsagokkal-keszul-az-idei-signexpora\/","url":"https:\/\/signexpo.hu\/meglepetes-az-mna-group-ujdonsagokkal-keszul-az-idei-signexpora\/","name":"Meglepet\u00e9s: az MNA Group \u00fajdons\u00e1gokkal k\u00e9sz\u00fcl az idei Signexp\u00f3ra - SignExpo","isPartOf":{"@id":"https:\/\/signexpo.hu\/#website"},"primaryImageOfPage":{"@id":"https:\/\/signexpo.hu\/meglepetes-az-mna-group-ujdonsagokkal-keszul-az-idei-signexpora\/#primaryimage"},"image":{"@id":"https:\/\/signexpo.hu\/meglepetes-az-mna-group-ujdonsagokkal-keszul-az-idei-signexpora\/#primaryimage"},"thumbnailUrl":"https:\/\/signexpo.hu\/wp-content\/uploads\/2025\/06\/MNA.jpg","datePublished":"2025-05-18T12:31:05+00:00","dateModified":"2025-06-11T12:31:50+00:00","author":{"@id":"https:\/\/signexpo.hu\/#\/schema\/person\/900b855e1533d75e1162c097ae907f4e"},"breadcrumb":{"@id":"https:\/\/signexpo.hu\/meglepetes-az-mna-group-ujdonsagokkal-keszul-az-idei-signexpora\/#breadcrumb"},"inLanguage":"en-US","potentialAction":[{"@type":"ReadAction","target":["https:\/\/signexpo.hu\/meglepetes-az-mna-group-ujdonsagokkal-keszul-az-idei-signexpora\/"]}]},{"@type":"ImageObject","inLanguage":"en-US","@id":"https:\/\/signexpo.hu\/meglepetes-az-mna-group-ujdonsagokkal-keszul-az-idei-signexpora\/#primaryimage","url":"https:\/\/signexpo.hu\/wp-content\/uploads\/2025\/06\/MNA.jpg","contentUrl":"https:\/\/signexpo.hu\/wp-content\/uploads\/2025\/06\/MNA.jpg","width":441,"height":310},{"@type":"BreadcrumbList","@id":"https:\/\/signexpo.hu\/meglepetes-az-mna-group-ujdonsagokkal-keszul-az-idei-signexpora\/#breadcrumb","itemListElement":[{"@type":"ListItem","position":1,"name":"Home","item":"https:\/\/signexpo.hu\/"},{"@type":"ListItem","position":2,"name":"Meglepet\u00e9s: az MNA Group \u00fajdons\u00e1gokkal k\u00e9sz\u00fcl az idei Signexp\u00f3ra"}]},{"@type":"WebSite","@id":"https:\/\/signexpo.hu\/#website","url":"https:\/\/signexpo.hu\/","name":"SignExpo","description":"Advertising decoration\nexhibition","potentialAction":[{"@type":"SearchAction","target":{"@type":"EntryPoint","urlTemplate":"https:\/\/signexpo.hu\/?s={search_term_string}"},"query-input":{"@type":"PropertyValueSpecification","valueRequired":true,"valueName":"search_term_string"}}],"inLanguage":"en-US"},{"@type":"Person","@id":"https:\/\/signexpo.hu\/#\/schema\/person\/900b855e1533d75e1162c097ae907f4e","name":"Anita V\u00e1radi","image":{"@type":"ImageObject","inLanguage":"en-US","@id":"https:\/\/secure.gravatar.com\/avatar\/b6dff53039af0e271c2ce1eae467f9624adeca48b4ea2b41a18de41d8c3231c8?s=96&d=mm&r=g","url":"https:\/\/secure.gravatar.com\/avatar\/b6dff53039af0e271c2ce1eae467f9624adeca48b4ea2b41a18de41d8c3231c8?s=96&d=mm&r=g","contentUrl":"https:\/\/secure.gravatar.com\/avatar\/b6dff53039af0e271c2ce1eae467f9624adeca48b4ea2b41a18de41d8c3231c8?s=96&d=mm&r=g","caption":"Anita V\u00e1radi"},"url":"https:\/\/signexpo.hu\/en\/szerzo\/signexpo\/"}]}},"_links":{"self":[{"href":"https:\/\/signexpo.hu\/en\/wp-json\/wp\/v2\/posts\/3295","targetHints":{"allow":["GET"]}}],"collection":[{"href":"https:\/\/signexpo.hu\/en\/wp-json\/wp\/v2\/posts"}],"about":[{"href":"https:\/\/signexpo.hu\/en\/wp-json\/wp\/v2\/types\/post"}],"author":[{"embeddable":true,"href":"https:\/\/signexpo.hu\/en\/wp-json\/wp\/v2\/users\/3"}],"replies":[{"embeddable":true,"href":"https:\/\/signexpo.hu\/en\/wp-json\/wp\/v2\/comments?post=3295"}],"version-history":[{"count":1,"href":"https:\/\/signexpo.hu\/en\/wp-json\/wp\/v2\/posts\/3295\/revisions"}],"predecessor-version":[{"id":3297,"href":"https:\/\/signexpo.hu\/en\/wp-json\/wp\/v2\/posts\/3295\/revisions\/3297"}],"wp:featuredmedia":[{"embeddable":true,"href":"https:\/\/signexpo.hu\/en\/wp-json\/wp\/v2\/media\/3296"}],"wp:attachment":[{"href":"https:\/\/signexpo.hu\/en\/wp-json\/wp\/v2\/media?parent=3295"}],"wp:term":[{"taxonomy":"category","embeddable":true,"href":"https:\/\/signexpo.hu\/en\/wp-json\/wp\/v2\/categories?post=3295"},{"taxonomy":"post_tag","embeddable":true,"href":"https:\/\/signexpo.hu\/en\/wp-json\/wp\/v2\/tags?post=3295"}],"curies":[{"name":"wp","href":"https:\/\/api.w.org\/{rel}","templated":true}]}}