{"id":3292,"date":"2025-04-09T12:29:24","date_gmt":"2025-04-09T12:29:24","guid":{"rendered":"https:\/\/signexpo.hu\/?p=3292"},"modified":"2025-06-11T12:30:48","modified_gmt":"2025-06-11T12:30:48","slug":"mi-a-signexpo-ppd-expo-sikerenek-titka-a-szervezo-most-elarulja","status":"publish","type":"post","link":"https:\/\/signexpo.hu\/en\/mi-a-signexpo-ppd-expo-sikerenek-titka-a-szervezo-most-elarulja\/","title":{"rendered":"Mi a SignExpo-PPD Expo siker\u00e9nek titka? A szervez\u0151 most el\u00e1rulja!"},"content":{"rendered":"<p><strong>T\u00f3th G\u00e1bor, a Nyomda- \u00e9s Pap\u00edripari Sz\u00f6vets\u00e9g \u00e9s a Pap\u00edr- \u00e9s Nyomdaipari M\u0171szaki Egyes\u00fclet \u00fcgyvezet\u0151je foglalja \u00f6ssze, mit jelent a szervez\u0151i oldalr\u00f3l n\u00e9zve egy olyan nagy horderej\u0171 rendezv\u00e9ny, mint a\u00a0<a href=\"https:\/\/signexpo.hu\/en\/\">SignExpo<\/a>\u2013<a href=\"https:\/\/www.ppdexpo.hu\/\">PPD Expo<\/a>, \u00e9s azt is el\u00e1rulja, mire sz\u00e1m\u00edthatnak id\u00e9n a ki\u00e1ll\u00edt\u00f3k \u00e9s a l\u00e1togat\u00f3k.<\/strong><\/p>\n<h4 class=\"fusion-responsive-typography-calculated\" data-fontsize=\"24\" data-lineheight=\"33.6px\"><strong>A SignExpo-PPD Expo, ahogyan a neve is mutatja, k\u00e9t szervezet, k\u00e9t ipar\u00e1g k\u00f6z\u00f6s rendezv\u00e9nye.<\/strong><\/h4>\n<p><strong>G\u00e1bor:<\/strong>\u00a0K\u00e9t ipar\u00e1gr\u00f3l besz\u00e9l\u00fcnk ugyan, de a gy\u00f6kerek k\u00f6z\u00f6sek. A nyomtat\u00e1s a rekl\u00e1mdekor\u00e1ci\u00f3s ter\u00fclet technol\u00f3giai alapjait adja: nyomdaipar n\u00e9lk\u00fcl nincs csomagol\u00e1stechnika, k\u00f6nyv- \u00e9s foly\u00f3iratpiac, hirdet\u00e9sek \u00e9s install\u00e1ci\u00f3k, \u00e9s m\u00e9g sorolhatn\u00e1m. Ez a kapcsol\u00f3d\u00e1s adja a szinergia alapj\u00e1t is, mert az \u00faj technol\u00f3gi\u00e1k, amelyek id\u0151nk\u00e9nt megjelennek a piacon, azonnal megjelennek az alkalmaz\u00f3i oldalon is. A tavaly m\u00e1jusi Drupa ki\u00e1ll\u00edt\u00e1son, amely meghat\u00e1roz\u00f3 jelent\u0151s\u00e9g\u0171 a szakma fejl\u0151d\u00e9si ir\u00e1ny\u00e1t illet\u0151en, szembe\u00f6tl\u0151 volt, hogy a digit\u00e1lis nyomtat\u00e1s el\u0151ret\u00f6r\u00e9se drasztikus az ipar\u00e1gon bel\u00fcl. A SignExpo-PPD Expo c\u00e9lja, hogy testk\u00f6zelb\u0151l mutassa be azokat az \u00fajdons\u00e1gokat, j\u00f3 gyakorlatokat, amelyek k\u00f6rvonalazz\u00e1k, milyen \u00faj v\u00e1laszokat ad az ipar\u00e1gunk a k\u00fcl\u00f6nb\u00f6z\u0151 kih\u00edv\u00e1sokra. Mert kih\u00edv\u00e1sok mindig ad\u00f3dnak: ilyen lehet egy k\u00f6rnyezetv\u00e9delemmel kapcsolatos elv\u00e1r\u00e1s, egy \u00faj jogszab\u00e1ly, a v\u00e1ltoz\u00f3 gazdas\u00e1gi k\u00f6rnyezet, vagy ak\u00e1r a szakk\u00e9pzett munkaer\u0151 k\u00e9rd\u00e9se, egy \u00faj technol\u00f3gia beilleszt\u00e9se. A ki\u00e1ll\u00edt\u00e1s nemcsak az eszk\u00f6z\u00f6k bemutat\u00e1s\u00e1r\u00f3l sz\u00f3l, lesznek, akik szoftveres megold\u00e1sokkal vagy alapanyagokkal k\u00e9sz\u00fclnek.<\/p>\n<h4 class=\"fusion-responsive-typography-calculated\" data-fontsize=\"24\" data-lineheight=\"33.6px\"><strong>Sok nagy hagyom\u00e1ny\u00fa rendezv\u00e9ny z\u00e1rta be a k\u00f6zelm\u00faltban v\u00e9gleg a kapuit. Mi a SignExpo-PPD Expo t\u00f6retlen siker\u00e9nek titka?<\/strong><\/h4>\n<p><strong>G\u00e1bor:<\/strong>\u00a0Egy\u00e9rtelm\u0171en a trad\u00edci\u00f3; ez hatalmas hozz\u00e1adott \u00e9rt\u00e9k. A Pap\u00edr- \u00e9s Nyomdaipari M\u0171szaki Egyes\u00fcletet 1948-ban alap\u00edtott\u00e1k azzal a sz\u00e1nd\u00e9kkal, hogy a szakmais\u00e1got, a tud\u00e1smegoszt\u00e1st, a kapcsolat\u00e9p\u00edt\u00e9st szolg\u00e1lja. Az\u00f3ta is ez az ir\u00e1nymutat\u00f3, \u00e9s ez seg\u00edt abban, hogy a ki\u00e1ll\u00edt\u00f3k \u00e9s a l\u00e1togat\u00f3k bizalma v\u00e1ltozatlan marad ir\u00e1nyunkban, ak\u00e1rhogy is alakul a minket k\u00f6r\u00fclvev\u0151 vil\u00e1g. Amikor valaki eld\u00f6nti, hogy j\u00f6n-e, ezenfel\u00fcl azt is m\u00e9rlegeli, hogy ezzel er\u0151s\u00edti a piaci jelenl\u00e9t\u00e9t, k\u00f6zvetlen\u00fcl tal\u00e1lkozhat a partnereivel \u00e9s a v\u00e1s\u00e1rl\u00f3ival, \u00e9s a professzi\u00f3j\u00e1n bel\u00fcli kapcsolatain is sokat lend\u00edthet a ki\u00e1ll\u00edt\u00e1s programk\u00edn\u00e1lata, mert a megszokott kereteken k\u00edv\u00fcl tal\u00e1lkozhat a szakma m\u00e1s k\u00e9pvisel\u0151ivel, ak\u00e1r egy d\u00edj\u00e1tad\u00f3, egy neves el\u0151ad\u00f3 prezent\u00e1ci\u00f3ja vagy egy kerekasztal-besz\u00e9lget\u00e9s sor\u00e1n. Nemcsak Magyarorsz\u00e1gon, de az eg\u00e9sz r\u00e9gi\u00f3ban nincsen hasonl\u00f3 rendezv\u00e9ny, \u00edgy a k\u00f6rnyez\u0151 orsz\u00e1gokb\u00f3l is sz\u00e1mottev\u0151 \u00e9rdekl\u0151d\u00e9sre sz\u00e1m\u00edtunk.<\/p>\n<h4 class=\"fusion-responsive-typography-calculated\" data-fontsize=\"24\" data-lineheight=\"33.6px\"><strong>Nem is k\u00e9rd\u00e9s, hogy a szakma \u00e9let\u00e9ben meghat\u00e1roz\u00f3 esem\u00e9nyr\u0151l van sz\u00f3. De mi a helyzet a l\u00e1togat\u00f3kkal?<\/strong><\/h4>\n<p><strong>G\u00e1bor:<\/strong>\u00a0A ki\u00e1ll\u00edt\u00e1son nagy sz\u00e1mban fordulnak meg azok az emberek, akik az ipar\u00e1gban dolgoznak, a k\u00f6z\u00e9pvezet\u0151t\u0151l ak\u00e1r a szakk\u00e9pzett munkav\u00e1llal\u00f3ig, mert itt minden inform\u00e1ci\u00f3hoz egy helyen juthatnak hozz\u00e1, ami csak a munk\u00e1jukhoz sz\u00fcks\u00e9ges. Megtudhatj\u00e1k, milyen \u00faj technol\u00f3gi\u00e1k, milyen alapanyagok vannak, milyen ir\u00e1nyba halad a robotiz\u00e1ci\u00f3, a mesters\u00e9ges intelligencia haszn\u00e1lata, milyen lehets\u00e9ges v\u00e1laszok vannak a fenntarthat\u00f3s\u00e1g k\u00e9rd\u00e9s\u00e9re. Aki pedig vev\u0151k\u00e9nt vagy leend\u0151 v\u00e1s\u00e1rl\u00f3k\u00e9nt \u00e9rkezik, abban a SignExpo-PPD Expo egyfajta tudatos v\u00e1s\u00e1rl\u00f3i attit\u0171d\u00f6t alak\u00edt ki: \u00edgy felel\u0151ss\u00e9gteljesen fog d\u00f6nteni, pontosan tudva, hogy mire van sz\u00fcks\u00e9ge, \u00e9s ehhez milyen lehet\u0151s\u00e9gek adottak a piacon. Mindezt megszervezni \u00e9s lebonyol\u00edtani persze hatalmas feladat, de akkor v\u00e9gezz\u00fck j\u00f3l a munk\u00e1nkat, ha a l\u00e1togat\u00f3 bej\u00f6n, \u00e9s azt l\u00e1tja, hogy minden teljesen term\u00e9szetesen zajlik. Tal\u00e1n fel sem mer\u00fcl benne, h\u00e1ny sz\u00e1z \u00f3r\u00e1nyi szervez\u0151munka \u00e9s mennyi megoldand\u00f3 kih\u00edv\u00e1s van a rendezv\u00e9ny m\u00f6g\u00f6tt. \u00c9s ez \u00edgy van j\u00f3l.<\/p>\n<p><em>Ker\u00e9nyi Kata, Sign&amp;Display magazin<\/em><\/p>","protected":false},"excerpt":{"rendered":"<p>T\u00f3th G\u00e1bor, a Nyomda- \u00e9s Pap\u00edripari Sz\u00f6vets\u00e9g \u00e9s a Pap\u00edr- \u00e9s Nyomdaipari M\u0171szaki Egyes\u00fclet \u00fcgyvezet\u0151je foglalja \u00f6ssze, mit jelent a szervez\u0151i oldalr\u00f3l n\u00e9zve egy olyan nagy horderej\u0171 rendezv\u00e9ny, mint a\u00a0SignExpo\u2013PPD Expo, \u00e9s azt is el\u00e1rulja, mire sz\u00e1m\u00edthatnak id\u00e9n a ki\u00e1ll\u00edt\u00f3k \u00e9s a l\u00e1togat\u00f3k. A SignExpo-PPD Expo, ahogyan a neve is mutatja, k\u00e9t szervezet, k\u00e9t ipar\u00e1g  [&#8230;]<\/p>\n","protected":false},"author":3,"featured_media":3293,"comment_status":"closed","ping_status":"open","sticky":false,"template":"","format":"standard","meta":{"footnotes":""},"categories":[1],"tags":[],"class_list":["post-3292","post","type-post","status-publish","format-standard","has-post-thumbnail","hentry","category-egyeb"],"yoast_head":"<!-- This site is optimized with the Yoast SEO plugin v27.5 - https:\/\/yoast.com\/product\/yoast-seo-wordpress\/ -->\n<title>Mi a SignExpo-PPD Expo siker\u00e9nek titka? A szervez\u0151 most el\u00e1rulja! - SignExpo<\/title>\n<meta name=\"robots\" content=\"index, follow, max-snippet:-1, max-image-preview:large, max-video-preview:-1\" \/>\n<link rel=\"canonical\" href=\"https:\/\/signexpo.hu\/en\/mi-a-signexpo-ppd-expo-sikerenek-titka-a-szervezo-most-elarulja\/\" \/>\n<meta property=\"og:locale\" content=\"en_US\" \/>\n<meta property=\"og:type\" content=\"article\" \/>\n<meta property=\"og:title\" content=\"Mi a SignExpo-PPD Expo siker\u00e9nek titka? A szervez\u0151 most el\u00e1rulja! - SignExpo\" \/>\n<meta property=\"og:description\" content=\"T\u00f3th G\u00e1bor, a Nyomda- \u00e9s Pap\u00edripari Sz\u00f6vets\u00e9g \u00e9s a Pap\u00edr- \u00e9s Nyomdaipari M\u0171szaki Egyes\u00fclet \u00fcgyvezet\u0151je foglalja \u00f6ssze, mit jelent a szervez\u0151i oldalr\u00f3l n\u00e9zve egy olyan nagy horderej\u0171 rendezv\u00e9ny, mint a\u00a0SignExpo\u2013PPD Expo, \u00e9s azt is el\u00e1rulja, mire sz\u00e1m\u00edthatnak id\u00e9n a ki\u00e1ll\u00edt\u00f3k \u00e9s a l\u00e1togat\u00f3k. A SignExpo-PPD Expo, ahogyan a neve is mutatja, k\u00e9t szervezet, k\u00e9t ipar\u00e1g [...]\" \/>\n<meta property=\"og:url\" content=\"https:\/\/signexpo.hu\/en\/mi-a-signexpo-ppd-expo-sikerenek-titka-a-szervezo-most-elarulja\/\" \/>\n<meta property=\"og:site_name\" content=\"SignExpo\" \/>\n<meta property=\"article:published_time\" content=\"2025-04-09T12:29:24+00:00\" \/>\n<meta property=\"article:modified_time\" content=\"2025-06-11T12:30:48+00:00\" \/>\n<meta property=\"og:image\" content=\"http:\/\/signexpo.hu\/wp-content\/uploads\/2025\/06\/Jubileumi-ev.jpg\" \/>\n\t<meta property=\"og:image:width\" content=\"582\" \/>\n\t<meta property=\"og:image:height\" content=\"338\" \/>\n\t<meta property=\"og:image:type\" content=\"image\/jpeg\" \/>\n<meta name=\"author\" content=\"Anita V\u00e1radi\" \/>\n<meta name=\"twitter:card\" content=\"summary_large_image\" \/>\n<meta name=\"twitter:label1\" content=\"Written by\" \/>\n\t<meta name=\"twitter:data1\" content=\"Anita V\u00e1radi\" \/>\n\t<meta name=\"twitter:label2\" content=\"Est. reading time\" \/>\n\t<meta name=\"twitter:data2\" content=\"3 minutes\" \/>\n<script type=\"application\/ld+json\" class=\"yoast-schema-graph\">{\"@context\":\"https:\\\/\\\/schema.org\",\"@graph\":[{\"@type\":\"Article\",\"@id\":\"https:\\\/\\\/signexpo.hu\\\/mi-a-signexpo-ppd-expo-sikerenek-titka-a-szervezo-most-elarulja\\\/#article\",\"isPartOf\":{\"@id\":\"https:\\\/\\\/signexpo.hu\\\/mi-a-signexpo-ppd-expo-sikerenek-titka-a-szervezo-most-elarulja\\\/\"},\"author\":{\"name\":\"Anita V\u00e1radi\",\"@id\":\"https:\\\/\\\/signexpo.hu\\\/#\\\/schema\\\/person\\\/900b855e1533d75e1162c097ae907f4e\"},\"headline\":\"Mi a SignExpo-PPD Expo siker\u00e9nek titka? A szervez\u0151 most el\u00e1rulja!\",\"datePublished\":\"2025-04-09T12:29:24+00:00\",\"dateModified\":\"2025-06-11T12:30:48+00:00\",\"mainEntityOfPage\":{\"@id\":\"https:\\\/\\\/signexpo.hu\\\/mi-a-signexpo-ppd-expo-sikerenek-titka-a-szervezo-most-elarulja\\\/\"},\"wordCount\":813,\"image\":{\"@id\":\"https:\\\/\\\/signexpo.hu\\\/mi-a-signexpo-ppd-expo-sikerenek-titka-a-szervezo-most-elarulja\\\/#primaryimage\"},\"thumbnailUrl\":\"https:\\\/\\\/signexpo.hu\\\/wp-content\\\/uploads\\\/2025\\\/06\\\/Jubileumi-ev.jpg\",\"articleSection\":[\"Egy\u00e9b kateg\u00f3ria\"],\"inLanguage\":\"en-US\"},{\"@type\":\"WebPage\",\"@id\":\"https:\\\/\\\/signexpo.hu\\\/mi-a-signexpo-ppd-expo-sikerenek-titka-a-szervezo-most-elarulja\\\/\",\"url\":\"https:\\\/\\\/signexpo.hu\\\/mi-a-signexpo-ppd-expo-sikerenek-titka-a-szervezo-most-elarulja\\\/\",\"name\":\"Mi a SignExpo-PPD Expo siker\u00e9nek titka? A szervez\u0151 most el\u00e1rulja! - SignExpo\",\"isPartOf\":{\"@id\":\"https:\\\/\\\/signexpo.hu\\\/#website\"},\"primaryImageOfPage\":{\"@id\":\"https:\\\/\\\/signexpo.hu\\\/mi-a-signexpo-ppd-expo-sikerenek-titka-a-szervezo-most-elarulja\\\/#primaryimage\"},\"image\":{\"@id\":\"https:\\\/\\\/signexpo.hu\\\/mi-a-signexpo-ppd-expo-sikerenek-titka-a-szervezo-most-elarulja\\\/#primaryimage\"},\"thumbnailUrl\":\"https:\\\/\\\/signexpo.hu\\\/wp-content\\\/uploads\\\/2025\\\/06\\\/Jubileumi-ev.jpg\",\"datePublished\":\"2025-04-09T12:29:24+00:00\",\"dateModified\":\"2025-06-11T12:30:48+00:00\",\"author\":{\"@id\":\"https:\\\/\\\/signexpo.hu\\\/#\\\/schema\\\/person\\\/900b855e1533d75e1162c097ae907f4e\"},\"breadcrumb\":{\"@id\":\"https:\\\/\\\/signexpo.hu\\\/mi-a-signexpo-ppd-expo-sikerenek-titka-a-szervezo-most-elarulja\\\/#breadcrumb\"},\"inLanguage\":\"en-US\",\"potentialAction\":[{\"@type\":\"ReadAction\",\"target\":[\"https:\\\/\\\/signexpo.hu\\\/mi-a-signexpo-ppd-expo-sikerenek-titka-a-szervezo-most-elarulja\\\/\"]}]},{\"@type\":\"ImageObject\",\"inLanguage\":\"en-US\",\"@id\":\"https:\\\/\\\/signexpo.hu\\\/mi-a-signexpo-ppd-expo-sikerenek-titka-a-szervezo-most-elarulja\\\/#primaryimage\",\"url\":\"https:\\\/\\\/signexpo.hu\\\/wp-content\\\/uploads\\\/2025\\\/06\\\/Jubileumi-ev.jpg\",\"contentUrl\":\"https:\\\/\\\/signexpo.hu\\\/wp-content\\\/uploads\\\/2025\\\/06\\\/Jubileumi-ev.jpg\",\"width\":582,\"height\":338},{\"@type\":\"BreadcrumbList\",\"@id\":\"https:\\\/\\\/signexpo.hu\\\/mi-a-signexpo-ppd-expo-sikerenek-titka-a-szervezo-most-elarulja\\\/#breadcrumb\",\"itemListElement\":[{\"@type\":\"ListItem\",\"position\":1,\"name\":\"Home\",\"item\":\"https:\\\/\\\/signexpo.hu\\\/\"},{\"@type\":\"ListItem\",\"position\":2,\"name\":\"Mi a SignExpo-PPD Expo siker\u00e9nek titka? A szervez\u0151 most el\u00e1rulja!\"}]},{\"@type\":\"WebSite\",\"@id\":\"https:\\\/\\\/signexpo.hu\\\/#website\",\"url\":\"https:\\\/\\\/signexpo.hu\\\/\",\"name\":\"SignExpo\",\"description\":\"Rekl\u00e1mdekor\u00e1ci\u00f3s Szakki\u00e1ll\u00edt\u00e1s\",\"potentialAction\":[{\"@type\":\"SearchAction\",\"target\":{\"@type\":\"EntryPoint\",\"urlTemplate\":\"https:\\\/\\\/signexpo.hu\\\/?s={search_term_string}\"},\"query-input\":{\"@type\":\"PropertyValueSpecification\",\"valueRequired\":true,\"valueName\":\"search_term_string\"}}],\"inLanguage\":\"en-US\"},{\"@type\":\"Person\",\"@id\":\"https:\\\/\\\/signexpo.hu\\\/#\\\/schema\\\/person\\\/900b855e1533d75e1162c097ae907f4e\",\"name\":\"Anita V\u00e1radi\",\"image\":{\"@type\":\"ImageObject\",\"inLanguage\":\"en-US\",\"@id\":\"https:\\\/\\\/secure.gravatar.com\\\/avatar\\\/b6dff53039af0e271c2ce1eae467f9624adeca48b4ea2b41a18de41d8c3231c8?s=96&d=mm&r=g\",\"url\":\"https:\\\/\\\/secure.gravatar.com\\\/avatar\\\/b6dff53039af0e271c2ce1eae467f9624adeca48b4ea2b41a18de41d8c3231c8?s=96&d=mm&r=g\",\"contentUrl\":\"https:\\\/\\\/secure.gravatar.com\\\/avatar\\\/b6dff53039af0e271c2ce1eae467f9624adeca48b4ea2b41a18de41d8c3231c8?s=96&d=mm&r=g\",\"caption\":\"Anita V\u00e1radi\"},\"url\":\"https:\\\/\\\/signexpo.hu\\\/en\\\/szerzo\\\/signexpo\\\/\"}]}<\/script>\n<!-- \/ Yoast SEO plugin. -->","yoast_head_json":{"title":"Mi a SignExpo-PPD Expo siker\u00e9nek titka? A szervez\u0151 most el\u00e1rulja! - SignExpo","robots":{"index":"index","follow":"follow","max-snippet":"max-snippet:-1","max-image-preview":"max-image-preview:large","max-video-preview":"max-video-preview:-1"},"canonical":"https:\/\/signexpo.hu\/en\/mi-a-signexpo-ppd-expo-sikerenek-titka-a-szervezo-most-elarulja\/","og_locale":"en_US","og_type":"article","og_title":"Mi a SignExpo-PPD Expo siker\u00e9nek titka? A szervez\u0151 most el\u00e1rulja! - SignExpo","og_description":"T\u00f3th G\u00e1bor, a Nyomda- \u00e9s Pap\u00edripari Sz\u00f6vets\u00e9g \u00e9s a Pap\u00edr- \u00e9s Nyomdaipari M\u0171szaki Egyes\u00fclet \u00fcgyvezet\u0151je foglalja \u00f6ssze, mit jelent a szervez\u0151i oldalr\u00f3l n\u00e9zve egy olyan nagy horderej\u0171 rendezv\u00e9ny, mint a\u00a0SignExpo\u2013PPD Expo, \u00e9s azt is el\u00e1rulja, mire sz\u00e1m\u00edthatnak id\u00e9n a ki\u00e1ll\u00edt\u00f3k \u00e9s a l\u00e1togat\u00f3k. A SignExpo-PPD Expo, ahogyan a neve is mutatja, k\u00e9t szervezet, k\u00e9t ipar\u00e1g [...]","og_url":"https:\/\/signexpo.hu\/en\/mi-a-signexpo-ppd-expo-sikerenek-titka-a-szervezo-most-elarulja\/","og_site_name":"SignExpo","article_published_time":"2025-04-09T12:29:24+00:00","article_modified_time":"2025-06-11T12:30:48+00:00","og_image":[{"width":582,"height":338,"url":"http:\/\/signexpo.hu\/wp-content\/uploads\/2025\/06\/Jubileumi-ev.jpg","type":"image\/jpeg"}],"author":"Anita V\u00e1radi","twitter_card":"summary_large_image","twitter_misc":{"Written by":"Anita V\u00e1radi","Est. reading time":"3 minutes"},"schema":{"@context":"https:\/\/schema.org","@graph":[{"@type":"Article","@id":"https:\/\/signexpo.hu\/mi-a-signexpo-ppd-expo-sikerenek-titka-a-szervezo-most-elarulja\/#article","isPartOf":{"@id":"https:\/\/signexpo.hu\/mi-a-signexpo-ppd-expo-sikerenek-titka-a-szervezo-most-elarulja\/"},"author":{"name":"Anita V\u00e1radi","@id":"https:\/\/signexpo.hu\/#\/schema\/person\/900b855e1533d75e1162c097ae907f4e"},"headline":"Mi a SignExpo-PPD Expo siker\u00e9nek titka? A szervez\u0151 most el\u00e1rulja!","datePublished":"2025-04-09T12:29:24+00:00","dateModified":"2025-06-11T12:30:48+00:00","mainEntityOfPage":{"@id":"https:\/\/signexpo.hu\/mi-a-signexpo-ppd-expo-sikerenek-titka-a-szervezo-most-elarulja\/"},"wordCount":813,"image":{"@id":"https:\/\/signexpo.hu\/mi-a-signexpo-ppd-expo-sikerenek-titka-a-szervezo-most-elarulja\/#primaryimage"},"thumbnailUrl":"https:\/\/signexpo.hu\/wp-content\/uploads\/2025\/06\/Jubileumi-ev.jpg","articleSection":["Egy\u00e9b kateg\u00f3ria"],"inLanguage":"en-US"},{"@type":"WebPage","@id":"https:\/\/signexpo.hu\/mi-a-signexpo-ppd-expo-sikerenek-titka-a-szervezo-most-elarulja\/","url":"https:\/\/signexpo.hu\/mi-a-signexpo-ppd-expo-sikerenek-titka-a-szervezo-most-elarulja\/","name":"Mi a SignExpo-PPD Expo siker\u00e9nek titka? A szervez\u0151 most el\u00e1rulja! - SignExpo","isPartOf":{"@id":"https:\/\/signexpo.hu\/#website"},"primaryImageOfPage":{"@id":"https:\/\/signexpo.hu\/mi-a-signexpo-ppd-expo-sikerenek-titka-a-szervezo-most-elarulja\/#primaryimage"},"image":{"@id":"https:\/\/signexpo.hu\/mi-a-signexpo-ppd-expo-sikerenek-titka-a-szervezo-most-elarulja\/#primaryimage"},"thumbnailUrl":"https:\/\/signexpo.hu\/wp-content\/uploads\/2025\/06\/Jubileumi-ev.jpg","datePublished":"2025-04-09T12:29:24+00:00","dateModified":"2025-06-11T12:30:48+00:00","author":{"@id":"https:\/\/signexpo.hu\/#\/schema\/person\/900b855e1533d75e1162c097ae907f4e"},"breadcrumb":{"@id":"https:\/\/signexpo.hu\/mi-a-signexpo-ppd-expo-sikerenek-titka-a-szervezo-most-elarulja\/#breadcrumb"},"inLanguage":"en-US","potentialAction":[{"@type":"ReadAction","target":["https:\/\/signexpo.hu\/mi-a-signexpo-ppd-expo-sikerenek-titka-a-szervezo-most-elarulja\/"]}]},{"@type":"ImageObject","inLanguage":"en-US","@id":"https:\/\/signexpo.hu\/mi-a-signexpo-ppd-expo-sikerenek-titka-a-szervezo-most-elarulja\/#primaryimage","url":"https:\/\/signexpo.hu\/wp-content\/uploads\/2025\/06\/Jubileumi-ev.jpg","contentUrl":"https:\/\/signexpo.hu\/wp-content\/uploads\/2025\/06\/Jubileumi-ev.jpg","width":582,"height":338},{"@type":"BreadcrumbList","@id":"https:\/\/signexpo.hu\/mi-a-signexpo-ppd-expo-sikerenek-titka-a-szervezo-most-elarulja\/#breadcrumb","itemListElement":[{"@type":"ListItem","position":1,"name":"Home","item":"https:\/\/signexpo.hu\/"},{"@type":"ListItem","position":2,"name":"Mi a SignExpo-PPD Expo siker\u00e9nek titka? A szervez\u0151 most el\u00e1rulja!"}]},{"@type":"WebSite","@id":"https:\/\/signexpo.hu\/#website","url":"https:\/\/signexpo.hu\/","name":"SignExpo","description":"Advertising decoration\nexhibition","potentialAction":[{"@type":"SearchAction","target":{"@type":"EntryPoint","urlTemplate":"https:\/\/signexpo.hu\/?s={search_term_string}"},"query-input":{"@type":"PropertyValueSpecification","valueRequired":true,"valueName":"search_term_string"}}],"inLanguage":"en-US"},{"@type":"Person","@id":"https:\/\/signexpo.hu\/#\/schema\/person\/900b855e1533d75e1162c097ae907f4e","name":"Anita V\u00e1radi","image":{"@type":"ImageObject","inLanguage":"en-US","@id":"https:\/\/secure.gravatar.com\/avatar\/b6dff53039af0e271c2ce1eae467f9624adeca48b4ea2b41a18de41d8c3231c8?s=96&d=mm&r=g","url":"https:\/\/secure.gravatar.com\/avatar\/b6dff53039af0e271c2ce1eae467f9624adeca48b4ea2b41a18de41d8c3231c8?s=96&d=mm&r=g","contentUrl":"https:\/\/secure.gravatar.com\/avatar\/b6dff53039af0e271c2ce1eae467f9624adeca48b4ea2b41a18de41d8c3231c8?s=96&d=mm&r=g","caption":"Anita V\u00e1radi"},"url":"https:\/\/signexpo.hu\/en\/szerzo\/signexpo\/"}]}},"_links":{"self":[{"href":"https:\/\/signexpo.hu\/en\/wp-json\/wp\/v2\/posts\/3292","targetHints":{"allow":["GET"]}}],"collection":[{"href":"https:\/\/signexpo.hu\/en\/wp-json\/wp\/v2\/posts"}],"about":[{"href":"https:\/\/signexpo.hu\/en\/wp-json\/wp\/v2\/types\/post"}],"author":[{"embeddable":true,"href":"https:\/\/signexpo.hu\/en\/wp-json\/wp\/v2\/users\/3"}],"replies":[{"embeddable":true,"href":"https:\/\/signexpo.hu\/en\/wp-json\/wp\/v2\/comments?post=3292"}],"version-history":[{"count":1,"href":"https:\/\/signexpo.hu\/en\/wp-json\/wp\/v2\/posts\/3292\/revisions"}],"predecessor-version":[{"id":3294,"href":"https:\/\/signexpo.hu\/en\/wp-json\/wp\/v2\/posts\/3292\/revisions\/3294"}],"wp:featuredmedia":[{"embeddable":true,"href":"https:\/\/signexpo.hu\/en\/wp-json\/wp\/v2\/media\/3293"}],"wp:attachment":[{"href":"https:\/\/signexpo.hu\/en\/wp-json\/wp\/v2\/media?parent=3292"}],"wp:term":[{"taxonomy":"category","embeddable":true,"href":"https:\/\/signexpo.hu\/en\/wp-json\/wp\/v2\/categories?post=3292"},{"taxonomy":"post_tag","embeddable":true,"href":"https:\/\/signexpo.hu\/en\/wp-json\/wp\/v2\/tags?post=3292"}],"curies":[{"name":"wp","href":"https:\/\/api.w.org\/{rel}","templated":true}]}}