{"id":15281,"date":"2025-10-15T10:13:36","date_gmt":"2025-10-15T10:13:36","guid":{"rendered":"https:\/\/signexpo.hu\/?p=15281"},"modified":"2025-10-28T10:14:16","modified_gmt":"2025-10-28T10:14:16","slug":"sikeresen-zarult-a-ppd-expo-sign-expo-2025","status":"publish","type":"post","link":"https:\/\/signexpo.hu\/en\/sikeresen-zarult-a-ppd-expo-sign-expo-2025\/","title":{"rendered":"Sikeresen z\u00e1rult a PPD Expo \u2013 Sign Expo 2025."},"content":{"rendered":"<div class=\"fusion-fullwidth fullwidth-box fusion-builder-row-1 fusion-flex-container nonhundred-percent-fullwidth non-hundred-percent-height-scrolling\" style=\"--awb-border-radius-top-left:0px;--awb-border-radius-top-right:0px;--awb-border-radius-bottom-right:0px;--awb-border-radius-bottom-left:0px;--awb-flex-wrap:wrap;\" ><div class=\"fusion-builder-row fusion-row fusion-flex-align-items-flex-start fusion-flex-content-wrap\" style=\"max-width:1216.8px;margin-left: calc(-4% \/ 2 );margin-right: calc(-4% \/ 2 );\"><div class=\"fusion-layout-column fusion_builder_column fusion-builder-column-0 fusion_builder_column_1_1 1_1 fusion-flex-column\" style=\"--awb-bg-size:cover;--awb-width-large:100%;--awb-margin-top-large:0px;--awb-spacing-right-large:1.92%;--awb-margin-bottom-large:0px;--awb-spacing-left-large:1.92%;--awb-width-medium:100%;--awb-spacing-right-medium:1.92%;--awb-spacing-left-medium:1.92%;--awb-width-small:100%;--awb-spacing-right-small:1.92%;--awb-spacing-left-small:1.92%;\"><div class=\"fusion-column-wrapper fusion-flex-justify-content-flex-start fusion-content-layout-column\"><div class=\"fusion-text fusion-text-1\"><p class=\"xmsonormal\"><span style=\"font-size: 14.0pt; font-family: 'Tahoma',sans-serif;\">A PPDExpo \u00e9s SignExpo 2025-ben is bizony\u00edtotta, hogy a vizu\u00e1lis kommunik\u00e1ci\u00f3, a nyomdaipar \u00e9s a csomagol\u00e1stechnika legfontosabb szakmai tal\u00e1lkoz\u00f3helye Magyarorsz\u00e1gon. A rendezv\u00e9nyen <b>90 ki\u00e1ll\u00edt\u00f3<\/b> mutatta be leg\u00fajabb technol\u00f3gi\u00e1it \u00e9s term\u00e9keit, m\u00edg a <b>k\u00f6zel 4300 l\u00e1togat\u00f3<\/b> \u2013 k\u00f6zt\u00fck <b>mintegy 800 di\u00e1k<\/b> \u2013 h\u00e1rom napon \u00e1t mer\u00fclhetett el az ipar\u00e1g innov\u00e1ci\u00f3iban \u00e9s trendjeiben.<\/span><\/p>\n<p class=\"xmsonormal\"><span style=\"font-size: 14.0pt; font-family: 'Tahoma',sans-serif;\">A l\u00e1togat\u00f3k a <b>szolg\u00e1ltat\u00e1s, gy\u00e1rt\u00e1s, forgalmaz\u00e1s \u00e9s tervez\u00e9s<\/b> ter\u00fclet\u00e9r\u0151l \u00e9rkeztek, els\u0151sorban <b>kapcsolat\u00e9p\u00edt\u00e9s<\/b>, <b>m\u0171szaki t\u00e1j\u00e9koz\u00f3d\u00e1s<\/b>, <b>besz\u00e1ll\u00edt\u00f3i partnerkeres\u00e9s<\/b>, <b>v\u00e1s\u00e1rl\u00e1s<\/b> \u00e9s <b>beruh\u00e1z\u00e1s<\/b> c\u00e9lj\u00e1b\u00f3l. A d\u00f6nt\u00e9shoz\u00f3k magas ar\u00e1nya \u2013 vezet\u0151k, tan\u00e1csad\u00f3k \u00e9s beszerz\u00e9si d\u00f6nt\u00e9sekben r\u00e9szt vev\u0151k \u2013 garant\u00e1lta a szakmai tal\u00e1lkoz\u00e1sok hat\u00e9konys\u00e1g\u00e1t.<\/span><\/p>\n<p class=\"xmsonormal\"><b><span style=\"font-size: 14.0pt; font-family: 'Tahoma',sans-serif;\">A ki\u00e1ll\u00edt\u00f3i oldalr\u00f3l is akt\u00edv jelenl\u00e9t \u00e9s pozit\u00edv visszajelz\u00e9s jellemezte a rendezv\u00e9nyt:<\/span><\/b><span style=\"font-size: 14.0pt; font-family: 'Tahoma',sans-serif;\"> sokan \u00faj \u00fczleti kapcsolatokat \u00e9p\u00edtettek, konkr\u00e9t megrendel\u00e9seket \u00e9s g\u00e9pelad\u00e1sokat is realiz\u00e1ltak a helysz\u00ednen, ami j\u00f3l mutatja a piac \u00e9l\u00e9nk\u00fcl\u00e9s\u00e9t \u00e9s a szem\u00e9lyes tal\u00e1lkoz\u00e1sok erej\u00e9t.<\/span><\/p>\n<p class=\"xmsonormal\"><span style=\"font-size: 14.0pt; font-family: 'Tahoma',sans-serif;\">Az inspir\u00e1l\u00f3 k\u00f6rnyezet, a szem\u00e9lyes tal\u00e1lkoz\u00e1sok \u00e9s a j\u00f6v\u0151t form\u00e1l\u00f3 technol\u00f3gi\u00e1k egyar\u00e1nt hozz\u00e1j\u00e1rultak ahhoz, hogy a PPDExpo \u00e9s SignExpo 2025 val\u00f3di szakmai \u00e9lm\u00e9nyt ny\u00fajtson mind a ki\u00e1ll\u00edt\u00f3knak, mind a l\u00e1togat\u00f3knak.<\/span><\/p>\n<p class=\"xmsonormal\"><span style=\"font-size: 14.0pt; font-family: 'Tahoma',sans-serif;\">A <b>Pap\u00edr- \u00e9s Nyomdaipari M\u0171szaki Egyes\u00fclet<\/b> \u00e9s a <b>Sign&amp;Display magazin<\/b>, a ki\u00e1ll\u00edt\u00e1sok szervez\u0151i, <b>2027-ben is tervezik a rendezv\u00e9nysorozat folytat\u00e1s\u00e1t<\/b>, hogy ism\u00e9t \u00f6sszehozz\u00e1k az ipar\u00e1g legfontosabb szerepl\u0151it.<\/span><\/p>\n<\/div><\/div><\/div><\/div><\/div>","protected":false},"excerpt":{"rendered":"","protected":false},"author":3,"featured_media":15282,"comment_status":"closed","ping_status":"open","sticky":false,"template":"","format":"standard","meta":{"footnotes":""},"categories":[1],"tags":[],"class_list":["post-15281","post","type-post","status-publish","format-standard","has-post-thumbnail","hentry","category-egyeb"],"yoast_head":"<!-- This site is optimized with the Yoast SEO plugin v27.5 - https:\/\/yoast.com\/product\/yoast-seo-wordpress\/ -->\n<title>Sikeresen z\u00e1rult a PPD Expo \u2013 Sign Expo 2025. - SignExpo<\/title>\n<meta name=\"robots\" content=\"index, follow, max-snippet:-1, max-image-preview:large, max-video-preview:-1\" \/>\n<link rel=\"canonical\" href=\"https:\/\/signexpo.hu\/en\/sikeresen-zarult-a-ppd-expo-sign-expo-2025\/\" \/>\n<meta property=\"og:locale\" content=\"en_US\" \/>\n<meta property=\"og:type\" content=\"article\" \/>\n<meta property=\"og:title\" content=\"Sikeresen z\u00e1rult a PPD Expo \u2013 Sign Expo 2025. - SignExpo\" \/>\n<meta property=\"og:url\" content=\"https:\/\/signexpo.hu\/en\/sikeresen-zarult-a-ppd-expo-sign-expo-2025\/\" \/>\n<meta property=\"og:site_name\" content=\"SignExpo\" \/>\n<meta property=\"article:published_time\" content=\"2025-10-15T10:13:36+00:00\" \/>\n<meta property=\"article:modified_time\" content=\"2025-10-28T10:14:16+00:00\" \/>\n<meta property=\"og:image\" content=\"http:\/\/signexpo.hu\/wp-content\/uploads\/2025\/10\/PPD-SIGN-logok.jpg\" \/>\n\t<meta property=\"og:image:width\" content=\"220\" \/>\n\t<meta property=\"og:image:height\" content=\"119\" \/>\n\t<meta property=\"og:image:type\" content=\"image\/jpeg\" \/>\n<meta name=\"author\" content=\"Anita V\u00e1radi\" \/>\n<meta name=\"twitter:card\" content=\"summary_large_image\" \/>\n<meta name=\"twitter:label1\" content=\"Written by\" \/>\n\t<meta name=\"twitter:data1\" content=\"Anita V\u00e1radi\" \/>\n\t<meta name=\"twitter:label2\" content=\"Est. reading time\" \/>\n\t<meta name=\"twitter:data2\" content=\"1 minute\" \/>\n<script type=\"application\/ld+json\" class=\"yoast-schema-graph\">{\"@context\":\"https:\\\/\\\/schema.org\",\"@graph\":[{\"@type\":\"Article\",\"@id\":\"https:\\\/\\\/signexpo.hu\\\/sikeresen-zarult-a-ppd-expo-sign-expo-2025\\\/#article\",\"isPartOf\":{\"@id\":\"https:\\\/\\\/signexpo.hu\\\/sikeresen-zarult-a-ppd-expo-sign-expo-2025\\\/\"},\"author\":{\"name\":\"Anita V\u00e1radi\",\"@id\":\"https:\\\/\\\/signexpo.hu\\\/#\\\/schema\\\/person\\\/900b855e1533d75e1162c097ae907f4e\"},\"headline\":\"Sikeresen z\u00e1rult a PPD Expo \u2013 Sign Expo 2025.\",\"datePublished\":\"2025-10-15T10:13:36+00:00\",\"dateModified\":\"2025-10-28T10:14:16+00:00\",\"mainEntityOfPage\":{\"@id\":\"https:\\\/\\\/signexpo.hu\\\/sikeresen-zarult-a-ppd-expo-sign-expo-2025\\\/\"},\"wordCount\":618,\"image\":{\"@id\":\"https:\\\/\\\/signexpo.hu\\\/sikeresen-zarult-a-ppd-expo-sign-expo-2025\\\/#primaryimage\"},\"thumbnailUrl\":\"https:\\\/\\\/signexpo.hu\\\/wp-content\\\/uploads\\\/2025\\\/10\\\/PPD-SIGN-logok.jpg\",\"articleSection\":[\"Egy\u00e9b kateg\u00f3ria\"],\"inLanguage\":\"en-US\"},{\"@type\":\"WebPage\",\"@id\":\"https:\\\/\\\/signexpo.hu\\\/sikeresen-zarult-a-ppd-expo-sign-expo-2025\\\/\",\"url\":\"https:\\\/\\\/signexpo.hu\\\/sikeresen-zarult-a-ppd-expo-sign-expo-2025\\\/\",\"name\":\"Sikeresen z\u00e1rult a PPD Expo \u2013 Sign Expo 2025. - SignExpo\",\"isPartOf\":{\"@id\":\"https:\\\/\\\/signexpo.hu\\\/#website\"},\"primaryImageOfPage\":{\"@id\":\"https:\\\/\\\/signexpo.hu\\\/sikeresen-zarult-a-ppd-expo-sign-expo-2025\\\/#primaryimage\"},\"image\":{\"@id\":\"https:\\\/\\\/signexpo.hu\\\/sikeresen-zarult-a-ppd-expo-sign-expo-2025\\\/#primaryimage\"},\"thumbnailUrl\":\"https:\\\/\\\/signexpo.hu\\\/wp-content\\\/uploads\\\/2025\\\/10\\\/PPD-SIGN-logok.jpg\",\"datePublished\":\"2025-10-15T10:13:36+00:00\",\"dateModified\":\"2025-10-28T10:14:16+00:00\",\"author\":{\"@id\":\"https:\\\/\\\/signexpo.hu\\\/#\\\/schema\\\/person\\\/900b855e1533d75e1162c097ae907f4e\"},\"breadcrumb\":{\"@id\":\"https:\\\/\\\/signexpo.hu\\\/sikeresen-zarult-a-ppd-expo-sign-expo-2025\\\/#breadcrumb\"},\"inLanguage\":\"en-US\",\"potentialAction\":[{\"@type\":\"ReadAction\",\"target\":[\"https:\\\/\\\/signexpo.hu\\\/sikeresen-zarult-a-ppd-expo-sign-expo-2025\\\/\"]}]},{\"@type\":\"ImageObject\",\"inLanguage\":\"en-US\",\"@id\":\"https:\\\/\\\/signexpo.hu\\\/sikeresen-zarult-a-ppd-expo-sign-expo-2025\\\/#primaryimage\",\"url\":\"https:\\\/\\\/signexpo.hu\\\/wp-content\\\/uploads\\\/2025\\\/10\\\/PPD-SIGN-logok.jpg\",\"contentUrl\":\"https:\\\/\\\/signexpo.hu\\\/wp-content\\\/uploads\\\/2025\\\/10\\\/PPD-SIGN-logok.jpg\",\"width\":220,\"height\":119},{\"@type\":\"BreadcrumbList\",\"@id\":\"https:\\\/\\\/signexpo.hu\\\/sikeresen-zarult-a-ppd-expo-sign-expo-2025\\\/#breadcrumb\",\"itemListElement\":[{\"@type\":\"ListItem\",\"position\":1,\"name\":\"Home\",\"item\":\"https:\\\/\\\/signexpo.hu\\\/\"},{\"@type\":\"ListItem\",\"position\":2,\"name\":\"Sikeresen z\u00e1rult a PPD Expo \u2013 Sign Expo 2025.\"}]},{\"@type\":\"WebSite\",\"@id\":\"https:\\\/\\\/signexpo.hu\\\/#website\",\"url\":\"https:\\\/\\\/signexpo.hu\\\/\",\"name\":\"SignExpo\",\"description\":\"Rekl\u00e1mdekor\u00e1ci\u00f3s Szakki\u00e1ll\u00edt\u00e1s\",\"potentialAction\":[{\"@type\":\"SearchAction\",\"target\":{\"@type\":\"EntryPoint\",\"urlTemplate\":\"https:\\\/\\\/signexpo.hu\\\/?s={search_term_string}\"},\"query-input\":{\"@type\":\"PropertyValueSpecification\",\"valueRequired\":true,\"valueName\":\"search_term_string\"}}],\"inLanguage\":\"en-US\"},{\"@type\":\"Person\",\"@id\":\"https:\\\/\\\/signexpo.hu\\\/#\\\/schema\\\/person\\\/900b855e1533d75e1162c097ae907f4e\",\"name\":\"Anita V\u00e1radi\",\"image\":{\"@type\":\"ImageObject\",\"inLanguage\":\"en-US\",\"@id\":\"https:\\\/\\\/secure.gravatar.com\\\/avatar\\\/b6dff53039af0e271c2ce1eae467f9624adeca48b4ea2b41a18de41d8c3231c8?s=96&d=mm&r=g\",\"url\":\"https:\\\/\\\/secure.gravatar.com\\\/avatar\\\/b6dff53039af0e271c2ce1eae467f9624adeca48b4ea2b41a18de41d8c3231c8?s=96&d=mm&r=g\",\"contentUrl\":\"https:\\\/\\\/secure.gravatar.com\\\/avatar\\\/b6dff53039af0e271c2ce1eae467f9624adeca48b4ea2b41a18de41d8c3231c8?s=96&d=mm&r=g\",\"caption\":\"Anita V\u00e1radi\"},\"url\":\"https:\\\/\\\/signexpo.hu\\\/en\\\/szerzo\\\/signexpo\\\/\"}]}<\/script>\n<!-- \/ Yoast SEO plugin. -->","yoast_head_json":{"title":"Sikeresen z\u00e1rult a PPD Expo \u2013 Sign Expo 2025. - SignExpo","robots":{"index":"index","follow":"follow","max-snippet":"max-snippet:-1","max-image-preview":"max-image-preview:large","max-video-preview":"max-video-preview:-1"},"canonical":"https:\/\/signexpo.hu\/en\/sikeresen-zarult-a-ppd-expo-sign-expo-2025\/","og_locale":"en_US","og_type":"article","og_title":"Sikeresen z\u00e1rult a PPD Expo \u2013 Sign Expo 2025. - SignExpo","og_url":"https:\/\/signexpo.hu\/en\/sikeresen-zarult-a-ppd-expo-sign-expo-2025\/","og_site_name":"SignExpo","article_published_time":"2025-10-15T10:13:36+00:00","article_modified_time":"2025-10-28T10:14:16+00:00","og_image":[{"width":220,"height":119,"url":"http:\/\/signexpo.hu\/wp-content\/uploads\/2025\/10\/PPD-SIGN-logok.jpg","type":"image\/jpeg"}],"author":"Anita V\u00e1radi","twitter_card":"summary_large_image","twitter_misc":{"Written by":"Anita V\u00e1radi","Est. reading time":"1 minute"},"schema":{"@context":"https:\/\/schema.org","@graph":[{"@type":"Article","@id":"https:\/\/signexpo.hu\/sikeresen-zarult-a-ppd-expo-sign-expo-2025\/#article","isPartOf":{"@id":"https:\/\/signexpo.hu\/sikeresen-zarult-a-ppd-expo-sign-expo-2025\/"},"author":{"name":"Anita V\u00e1radi","@id":"https:\/\/signexpo.hu\/#\/schema\/person\/900b855e1533d75e1162c097ae907f4e"},"headline":"Sikeresen z\u00e1rult a PPD Expo \u2013 Sign Expo 2025.","datePublished":"2025-10-15T10:13:36+00:00","dateModified":"2025-10-28T10:14:16+00:00","mainEntityOfPage":{"@id":"https:\/\/signexpo.hu\/sikeresen-zarult-a-ppd-expo-sign-expo-2025\/"},"wordCount":618,"image":{"@id":"https:\/\/signexpo.hu\/sikeresen-zarult-a-ppd-expo-sign-expo-2025\/#primaryimage"},"thumbnailUrl":"https:\/\/signexpo.hu\/wp-content\/uploads\/2025\/10\/PPD-SIGN-logok.jpg","articleSection":["Egy\u00e9b kateg\u00f3ria"],"inLanguage":"en-US"},{"@type":"WebPage","@id":"https:\/\/signexpo.hu\/sikeresen-zarult-a-ppd-expo-sign-expo-2025\/","url":"https:\/\/signexpo.hu\/sikeresen-zarult-a-ppd-expo-sign-expo-2025\/","name":"Sikeresen z\u00e1rult a PPD Expo \u2013 Sign Expo 2025. - SignExpo","isPartOf":{"@id":"https:\/\/signexpo.hu\/#website"},"primaryImageOfPage":{"@id":"https:\/\/signexpo.hu\/sikeresen-zarult-a-ppd-expo-sign-expo-2025\/#primaryimage"},"image":{"@id":"https:\/\/signexpo.hu\/sikeresen-zarult-a-ppd-expo-sign-expo-2025\/#primaryimage"},"thumbnailUrl":"https:\/\/signexpo.hu\/wp-content\/uploads\/2025\/10\/PPD-SIGN-logok.jpg","datePublished":"2025-10-15T10:13:36+00:00","dateModified":"2025-10-28T10:14:16+00:00","author":{"@id":"https:\/\/signexpo.hu\/#\/schema\/person\/900b855e1533d75e1162c097ae907f4e"},"breadcrumb":{"@id":"https:\/\/signexpo.hu\/sikeresen-zarult-a-ppd-expo-sign-expo-2025\/#breadcrumb"},"inLanguage":"en-US","potentialAction":[{"@type":"ReadAction","target":["https:\/\/signexpo.hu\/sikeresen-zarult-a-ppd-expo-sign-expo-2025\/"]}]},{"@type":"ImageObject","inLanguage":"en-US","@id":"https:\/\/signexpo.hu\/sikeresen-zarult-a-ppd-expo-sign-expo-2025\/#primaryimage","url":"https:\/\/signexpo.hu\/wp-content\/uploads\/2025\/10\/PPD-SIGN-logok.jpg","contentUrl":"https:\/\/signexpo.hu\/wp-content\/uploads\/2025\/10\/PPD-SIGN-logok.jpg","width":220,"height":119},{"@type":"BreadcrumbList","@id":"https:\/\/signexpo.hu\/sikeresen-zarult-a-ppd-expo-sign-expo-2025\/#breadcrumb","itemListElement":[{"@type":"ListItem","position":1,"name":"Home","item":"https:\/\/signexpo.hu\/"},{"@type":"ListItem","position":2,"name":"Sikeresen z\u00e1rult a PPD Expo \u2013 Sign Expo 2025."}]},{"@type":"WebSite","@id":"https:\/\/signexpo.hu\/#website","url":"https:\/\/signexpo.hu\/","name":"SignExpo","description":"Advertising decoration\nexhibition","potentialAction":[{"@type":"SearchAction","target":{"@type":"EntryPoint","urlTemplate":"https:\/\/signexpo.hu\/?s={search_term_string}"},"query-input":{"@type":"PropertyValueSpecification","valueRequired":true,"valueName":"search_term_string"}}],"inLanguage":"en-US"},{"@type":"Person","@id":"https:\/\/signexpo.hu\/#\/schema\/person\/900b855e1533d75e1162c097ae907f4e","name":"Anita V\u00e1radi","image":{"@type":"ImageObject","inLanguage":"en-US","@id":"https:\/\/secure.gravatar.com\/avatar\/b6dff53039af0e271c2ce1eae467f9624adeca48b4ea2b41a18de41d8c3231c8?s=96&d=mm&r=g","url":"https:\/\/secure.gravatar.com\/avatar\/b6dff53039af0e271c2ce1eae467f9624adeca48b4ea2b41a18de41d8c3231c8?s=96&d=mm&r=g","contentUrl":"https:\/\/secure.gravatar.com\/avatar\/b6dff53039af0e271c2ce1eae467f9624adeca48b4ea2b41a18de41d8c3231c8?s=96&d=mm&r=g","caption":"Anita V\u00e1radi"},"url":"https:\/\/signexpo.hu\/en\/szerzo\/signexpo\/"}]}},"_links":{"self":[{"href":"https:\/\/signexpo.hu\/en\/wp-json\/wp\/v2\/posts\/15281","targetHints":{"allow":["GET"]}}],"collection":[{"href":"https:\/\/signexpo.hu\/en\/wp-json\/wp\/v2\/posts"}],"about":[{"href":"https:\/\/signexpo.hu\/en\/wp-json\/wp\/v2\/types\/post"}],"author":[{"embeddable":true,"href":"https:\/\/signexpo.hu\/en\/wp-json\/wp\/v2\/users\/3"}],"replies":[{"embeddable":true,"href":"https:\/\/signexpo.hu\/en\/wp-json\/wp\/v2\/comments?post=15281"}],"version-history":[{"count":1,"href":"https:\/\/signexpo.hu\/en\/wp-json\/wp\/v2\/posts\/15281\/revisions"}],"predecessor-version":[{"id":15283,"href":"https:\/\/signexpo.hu\/en\/wp-json\/wp\/v2\/posts\/15281\/revisions\/15283"}],"wp:featuredmedia":[{"embeddable":true,"href":"https:\/\/signexpo.hu\/en\/wp-json\/wp\/v2\/media\/15282"}],"wp:attachment":[{"href":"https:\/\/signexpo.hu\/en\/wp-json\/wp\/v2\/media?parent=15281"}],"wp:term":[{"taxonomy":"category","embeddable":true,"href":"https:\/\/signexpo.hu\/en\/wp-json\/wp\/v2\/categories?post=15281"},{"taxonomy":"post_tag","embeddable":true,"href":"https:\/\/signexpo.hu\/en\/wp-json\/wp\/v2\/tags?post=15281"}],"curies":[{"name":"wp","href":"https:\/\/api.w.org\/{rel}","templated":true}]}}